{"id":548,"date":"2011-09-24T09:25:18","date_gmt":"2011-09-24T13:25:18","guid":{"rendered":"http:\/\/ppgecpan.draconis.ufms.br\/?p=548"},"modified":"2020-07-31T15:43:31","modified_gmt":"2020-07-31T19:43:31","slug":"polyana-andreza-da-silva-costa-violencia-no-cotidiano-escolar-a-visao-de-professores-que-atuam-no-ensino-fundamenta-de-escolas-publicas-do-municipio-de-corumba-ms","status":"publish","type":"post","link":"https:\/\/ppgecpan.ufms.br\/es\/polyana-andreza-da-silva-costa-violencia-no-cotidiano-escolar-a-visao-de-professores-que-atuam-no-ensino-fundamenta-de-escolas-publicas-do-municipio-de-corumba-ms\/","title":{"rendered":"POLYANA ANDREZA DA SILVA COSTA &#8211; VIOL\u00caNCIA NO COTIDIANO ESCOLAR: A VIS\u00c3O DE PROFESSORES QUE ATUAM NO ENSINO FUNDAMENTA DE ESCOLAS P\u00daBLICAS DO MUNIC\u00cdPIO DE CORUMB\u00c1 &#8211; MS"},"content":{"rendered":"RESUMO<\/p>\n<p>A viol\u00eancia escolar tem despertado interesse de pais, educadores e v\u00e1rios segmentos da sociedade civil. \u00c9 um fato preocupante porque afeta, al\u00e9m do processo de ensino-aprendizagem, as rela\u00e7\u00f5es interpessoais entre alunos e professores. A necessidade de refletir sobre essa quest\u00e3o inspirou a realiza\u00e7\u00e3o desta pesquisa que teve como objetivo saber o que os professores pensam sobre viol\u00eancia escolar, suas causas, manifesta\u00e7\u00f5es, conseq\u00fc\u00eancias e formas de enfrentamento. Trata-se de uma pesquisa de campo, de natureza qualitativa, realizada em Corumb\u00e1-MS, por meio de entrevistas semi-estruturadas com professores do Ensino Fundamental. Na an\u00e1lise dos dados utilizamos as concep\u00e7\u00f5es de Bernard Charlot, \u00c9ric Debarbieux, Wanderley Codo e outros autores. Constatamos que na vis\u00e3o dos docentes a viol\u00eancia escolar vai al\u00e9m das agress\u00f5es f\u00edsicas e verbais, abrangendo a falta de respeito e todo ato que prejudique outrem. As manifesta\u00e7\u00f5es de viol\u00eancia mais citadas foram as agress\u00f5es f\u00edsicas e verbais entre os alunos; as verbais contra os professores e as incivilidades. As principais causas do aumento dessa viol\u00eancia, segundo os professores, s\u00e3o: a desestrutura\u00e7\u00e3o familiar, a falta de limites, a influ\u00eancia do contexto social e uma vis\u00e3o equivocada do ECA. As conseq\u00fc\u00eancias da viol\u00eancia escolar para os professores s\u00e3o: profissionalmente, o trabalho pedag\u00f3gico dificultado e a perturba\u00e7\u00e3o do clima escolar; e pessoalmente, sentimentos de tristeza, frustra\u00e7\u00e3o e impot\u00eancia; dores de cabe\u00e7a, cansa\u00e7o f\u00edsico, tens\u00e3o muscular, estresse e nervosismo. Apesar da maioria dos professores apresentarem esses sintomas, 80% dos entrevistados desejam continuar no magist\u00e9rio porque amam a profiss\u00e3o escolhida. As estrat\u00e9gias utilizadas pelos docentes para enfrentar a viol\u00eancia no cotidiano escolar s\u00e3o: conversas com os alunos, envio dos estudantes \u00e0 coordena\u00e7\u00e3o pedag\u00f3gica e solicita\u00e7\u00e3o do comparecimento dos pais \u00e0 escola, por\u00e9m, eles sugeriram diversas alternativas para o enfrentamento do problema. Conclui-se ser necess\u00e1rio o desenvolvimento de pol\u00edticas p\u00fablicas e de outras estrat\u00e9gias de preven\u00e7\u00e3o e redu\u00e7\u00e3o da viol\u00eancia nas escolas que favore\u00e7am o clima escolar e as rela\u00e7\u00f5es sociais, a fim de que a escola cumpra sua fun\u00e7\u00e3o e seja o que ela deve ser: l\u00f3cus de aprendizagem, de socializa\u00e7\u00e3o e de produ\u00e7\u00e3o do conhecimento.<\/p>\n<p>Palavras-chave: \u00a0viol\u00eancia escolar; incivilidades; professores<\/p>\n<ul>\n<li><a href=\"http:\/\/ppgecpan.draconis.ufms.br\/wp-content\/blogs.dir\/14\/files\/2013\/08\/POLYANAANDREZADASILVACOSTA.pdf\" target=\"_blank\" rel=\"noopener noreferrer\">DOWNLOAD<\/a><\/li>\n<\/ul>\n<p>&nbsp;","protected":false},"excerpt":{"rendered":"<p>RESUMO A viol\u00eancia escolar tem despertado interesse de pais, educadores e v\u00e1rios segmentos da sociedade civil. \u00c9 um fato preocupante porque afeta, al\u00e9m do processo de ensino-aprendizagem, as rela\u00e7\u00f5es interpessoais entre alunos e professores. A necessidade de refletir sobre essa quest\u00e3o inspirou a realiza\u00e7\u00e3o desta pesquisa que teve como objetivo saber o que os professores [&hellip;]<\/p>\n","protected":false},"author":18799,"featured_media":0,"comment_status":"closed","ping_status":"open","sticky":false,"template":"","format":"standard","meta":{"footnotes":""},"categories":[27,8],"tags":[],"coauthors":[],"class_list":["post-548","post","type-post","status-publish","format-standard","hentry","category-27","category-dissertacoes"],"_links":{"self":[{"href":"https:\/\/ppgecpan.ufms.br\/es\/wp-json\/wp\/v2\/posts\/548","targetHints":{"allow":["GET"]}}],"collection":[{"href":"https:\/\/ppgecpan.ufms.br\/es\/wp-json\/wp\/v2\/posts"}],"about":[{"href":"https:\/\/ppgecpan.ufms.br\/es\/wp-json\/wp\/v2\/types\/post"}],"author":[{"embeddable":true,"href":"https:\/\/ppgecpan.ufms.br\/es\/wp-json\/wp\/v2\/users\/18799"}],"replies":[{"embeddable":true,"href":"https:\/\/ppgecpan.ufms.br\/es\/wp-json\/wp\/v2\/comments?post=548"}],"version-history":[{"count":5,"href":"https:\/\/ppgecpan.ufms.br\/es\/wp-json\/wp\/v2\/posts\/548\/revisions"}],"predecessor-version":[{"id":4609,"href":"https:\/\/ppgecpan.ufms.br\/es\/wp-json\/wp\/v2\/posts\/548\/revisions\/4609"}],"wp:attachment":[{"href":"https:\/\/ppgecpan.ufms.br\/es\/wp-json\/wp\/v2\/media?parent=548"}],"wp:term":[{"taxonomy":"category","embeddable":true,"href":"https:\/\/ppgecpan.ufms.br\/es\/wp-json\/wp\/v2\/categories?post=548"},{"taxonomy":"post_tag","embeddable":true,"href":"https:\/\/ppgecpan.ufms.br\/es\/wp-json\/wp\/v2\/tags?post=548"},{"taxonomy":"author","embeddable":true,"href":"https:\/\/ppgecpan.ufms.br\/es\/wp-json\/wp\/v2\/coauthors?post=548"}],"curies":[{"name":"wp","href":"https:\/\/api.w.org\/{rel}","templated":true}]}}