{"id":5554,"date":"2022-01-20T15:58:08","date_gmt":"2022-01-20T19:58:08","guid":{"rendered":"https:\/\/ppgecpan.ufms.br\/?p=5554"},"modified":"2022-01-20T15:58:08","modified_gmt":"2022-01-20T19:58:08","slug":"natiely-ramyla-de-almeida-ferreira-nobre-das-aguas-do-rio-ao-som-das-aves-pantaneiras-a-formacao-para-o-trabalho-em-escolas-ribeirinhas-do-pantanal-sul-mato-grossense-na-visao-de-professoras-alfabe","status":"publish","type":"post","link":"https:\/\/ppgecpan.ufms.br\/es\/natiely-ramyla-de-almeida-ferreira-nobre-das-aguas-do-rio-ao-som-das-aves-pantaneiras-a-formacao-para-o-trabalho-em-escolas-ribeirinhas-do-pantanal-sul-mato-grossense-na-visao-de-professoras-alfabe\/","title":{"rendered":"(Portugu\u00eas do Brasil) NATIELY RAMYLA DE ALMEIDA FERREIRA NOBRE &#8211; DAS \u00c1GUAS DO RIO AO SOM DAS AVES PANTANEIRAS: a forma\u00e7\u00e3o para o trabalho em escolas ribeirinhas do pantanal sul-mato-grossense na vis\u00e3o de professoras alfabetizadoras"},"content":{"rendered":"<p class=\"qtranxs-available-languages-message qtranxs-available-languages-message-es\">Disculpa, pero esta entrada est\u00e1 disponible s\u00f3lo en <a href=\"https:\/\/ppgecpan.ufms.br\/pb\/wp-json\/wp\/v2\/posts\/5554\" class=\"qtranxs-available-language-link qtranxs-available-language-link-pb\" title=\"Portugu\u00eas do Brasil\">Portugu\u00eas do Brasil<\/a>.<\/p>","protected":false},"excerpt":{"rendered":"<p>Disculpa, pero esta entrada est\u00e1 disponible s\u00f3lo en Portugu\u00eas do Brasil.<\/p>\n","protected":false},"author":28260,"featured_media":3788,"comment_status":"closed","ping_status":"open","sticky":false,"template":"","format":"standard","meta":{"footnotes":""},"categories":[76,8],"tags":[],"coauthors":[],"class_list":["post-5554","post","type-post","status-publish","format-standard","has-post-thumbnail","hentry","category-76","category-dissertacoes"],"_links":{"self":[{"href":"https:\/\/ppgecpan.ufms.br\/es\/wp-json\/wp\/v2\/posts\/5554","targetHints":{"allow":["GET"]}}],"collection":[{"href":"https:\/\/ppgecpan.ufms.br\/es\/wp-json\/wp\/v2\/posts"}],"about":[{"href":"https:\/\/ppgecpan.ufms.br\/es\/wp-json\/wp\/v2\/types\/post"}],"author":[{"embeddable":true,"href":"https:\/\/ppgecpan.ufms.br\/es\/wp-json\/wp\/v2\/users\/28260"}],"replies":[{"embeddable":true,"href":"https:\/\/ppgecpan.ufms.br\/es\/wp-json\/wp\/v2\/comments?post=5554"}],"version-history":[{"count":1,"href":"https:\/\/ppgecpan.ufms.br\/es\/wp-json\/wp\/v2\/posts\/5554\/revisions"}],"predecessor-version":[{"id":5555,"href":"https:\/\/ppgecpan.ufms.br\/es\/wp-json\/wp\/v2\/posts\/5554\/revisions\/5555"}],"wp:featuredmedia":[{"embeddable":true,"href":"https:\/\/ppgecpan.ufms.br\/es\/wp-json\/wp\/v2\/media\/3788"}],"wp:attachment":[{"href":"https:\/\/ppgecpan.ufms.br\/es\/wp-json\/wp\/v2\/media?parent=5554"}],"wp:term":[{"taxonomy":"category","embeddable":true,"href":"https:\/\/ppgecpan.ufms.br\/es\/wp-json\/wp\/v2\/categories?post=5554"},{"taxonomy":"post_tag","embeddable":true,"href":"https:\/\/ppgecpan.ufms.br\/es\/wp-json\/wp\/v2\/tags?post=5554"},{"taxonomy":"author","embeddable":true,"href":"https:\/\/ppgecpan.ufms.br\/es\/wp-json\/wp\/v2\/coauthors?post=5554"}],"curies":[{"name":"wp","href":"https:\/\/api.w.org\/{rel}","templated":true}]}}