{"id":5560,"date":"2022-01-27T10:06:25","date_gmt":"2022-01-27T14:06:25","guid":{"rendered":"https:\/\/ppgecpan.ufms.br\/?p=5560"},"modified":"2022-01-27T10:06:25","modified_gmt":"2022-01-27T14:06:25","slug":"resultado-preliminar-dos-candidatos-inscritos-processo-seletivo-unificado-de-pos-graduacao-stricto-sensu","status":"publish","type":"post","link":"https:\/\/ppgecpan.ufms.br\/es\/resultado-preliminar-dos-candidatos-inscritos-processo-seletivo-unificado-de-pos-graduacao-stricto-sensu\/","title":{"rendered":"(Portugu\u00eas do Brasil) Resultado Preliminar dos Candidatos Inscritos \u2013 Processo Seletivo Unificado de P\u00f3s-Gradua\u00e7\u00e3o Stricto Sensu"},"content":{"rendered":"<p class=\"qtranxs-available-languages-message qtranxs-available-languages-message-es\">Disculpa, pero esta entrada est\u00e1 disponible s\u00f3lo en <a href=\"https:\/\/ppgecpan.ufms.br\/pb\/wp-json\/wp\/v2\/posts\/5560\" class=\"qtranxs-available-language-link qtranxs-available-language-link-pb\" title=\"Portugu\u00eas do Brasil\">Portugu\u00eas do Brasil<\/a>.<\/p>","protected":false},"excerpt":{"rendered":"<p>Disculpa, pero esta entrada est\u00e1 disponible s\u00f3lo en Portugu\u00eas do Brasil.<\/p>\n","protected":false},"author":28260,"featured_media":0,"comment_status":"closed","ping_status":"open","sticky":false,"template":"","format":"standard","meta":{"footnotes":""},"categories":[9,1,57],"tags":[],"coauthors":[],"class_list":["post-5560","post","type-post","status-publish","format-standard","hentry","category-editais","category-noticias","category-processos-seletivos-noticias"],"_links":{"self":[{"href":"https:\/\/ppgecpan.ufms.br\/es\/wp-json\/wp\/v2\/posts\/5560","targetHints":{"allow":["GET"]}}],"collection":[{"href":"https:\/\/ppgecpan.ufms.br\/es\/wp-json\/wp\/v2\/posts"}],"about":[{"href":"https:\/\/ppgecpan.ufms.br\/es\/wp-json\/wp\/v2\/types\/post"}],"author":[{"embeddable":true,"href":"https:\/\/ppgecpan.ufms.br\/es\/wp-json\/wp\/v2\/users\/28260"}],"replies":[{"embeddable":true,"href":"https:\/\/ppgecpan.ufms.br\/es\/wp-json\/wp\/v2\/comments?post=5560"}],"version-history":[{"count":1,"href":"https:\/\/ppgecpan.ufms.br\/es\/wp-json\/wp\/v2\/posts\/5560\/revisions"}],"predecessor-version":[{"id":5561,"href":"https:\/\/ppgecpan.ufms.br\/es\/wp-json\/wp\/v2\/posts\/5560\/revisions\/5561"}],"wp:attachment":[{"href":"https:\/\/ppgecpan.ufms.br\/es\/wp-json\/wp\/v2\/media?parent=5560"}],"wp:term":[{"taxonomy":"category","embeddable":true,"href":"https:\/\/ppgecpan.ufms.br\/es\/wp-json\/wp\/v2\/categories?post=5560"},{"taxonomy":"post_tag","embeddable":true,"href":"https:\/\/ppgecpan.ufms.br\/es\/wp-json\/wp\/v2\/tags?post=5560"},{"taxonomy":"author","embeddable":true,"href":"https:\/\/ppgecpan.ufms.br\/es\/wp-json\/wp\/v2\/coauthors?post=5560"}],"curies":[{"name":"wp","href":"https:\/\/api.w.org\/{rel}","templated":true}]}}