{"id":5679,"date":"2022-06-06T15:07:32","date_gmt":"2022-06-06T19:07:32","guid":{"rendered":"https:\/\/ppgecpan.ufms.br\/?p=5679"},"modified":"2025-06-12T10:28:05","modified_gmt":"2025-06-12T14:28:05","slug":"edital-para-aluno-especial-disciplina-avaliacao-educativa-ministrante-professor-tomas-amaya-universidad-distrital-francisco-jose-de-caldas-bogota-colombia","status":"publish","type":"post","link":"https:\/\/ppgecpan.ufms.br\/es\/edital-para-aluno-especial-disciplina-avaliacao-educativa-ministrante-professor-tomas-amaya-universidad-distrital-francisco-jose-de-caldas-bogota-colombia\/","title":{"rendered":"(Portugu\u00eas do Brasil) Edital para aluno especial &#8211; Disciplina: Avalia\u00e7\u00e3o Educativa. Ministrante: Professor Tom\u00e1s Amaya (Universidad Distrital Francisco Jos\u00e9 de Caldas\/Bogot\u00e1-Colombia)"},"content":{"rendered":"<p class=\"qtranxs-available-languages-message qtranxs-available-languages-message-es\">Disculpa, pero esta entrada est\u00e1 disponible s\u00f3lo en <a href=\"https:\/\/ppgecpan.ufms.br\/pb\/wp-json\/wp\/v2\/posts\/5679\" class=\"qtranxs-available-language-link qtranxs-available-language-link-pb\" title=\"Portugu\u00eas do Brasil\">Portugu\u00eas do Brasil<\/a>.<\/p>","protected":false},"excerpt":{"rendered":"","protected":false},"author":22320,"featured_media":0,"comment_status":"closed","ping_status":"open","sticky":false,"template":"","format":"standard","meta":{"footnotes":""},"categories":[17,9,1],"tags":[],"coauthors":[],"class_list":["post-5679","post","type-post","status-publish","format-standard","hentry","category-destaques","category-editais","category-noticias"],"_links":{"self":[{"href":"https:\/\/ppgecpan.ufms.br\/es\/wp-json\/wp\/v2\/posts\/5679","targetHints":{"allow":["GET"]}}],"collection":[{"href":"https:\/\/ppgecpan.ufms.br\/es\/wp-json\/wp\/v2\/posts"}],"about":[{"href":"https:\/\/ppgecpan.ufms.br\/es\/wp-json\/wp\/v2\/types\/post"}],"author":[{"embeddable":true,"href":"https:\/\/ppgecpan.ufms.br\/es\/wp-json\/wp\/v2\/users\/22320"}],"replies":[{"embeddable":true,"href":"https:\/\/ppgecpan.ufms.br\/es\/wp-json\/wp\/v2\/comments?post=5679"}],"version-history":[{"count":5,"href":"https:\/\/ppgecpan.ufms.br\/es\/wp-json\/wp\/v2\/posts\/5679\/revisions"}],"predecessor-version":[{"id":7723,"href":"https:\/\/ppgecpan.ufms.br\/es\/wp-json\/wp\/v2\/posts\/5679\/revisions\/7723"}],"wp:attachment":[{"href":"https:\/\/ppgecpan.ufms.br\/es\/wp-json\/wp\/v2\/media?parent=5679"}],"wp:term":[{"taxonomy":"category","embeddable":true,"href":"https:\/\/ppgecpan.ufms.br\/es\/wp-json\/wp\/v2\/categories?post=5679"},{"taxonomy":"post_tag","embeddable":true,"href":"https:\/\/ppgecpan.ufms.br\/es\/wp-json\/wp\/v2\/tags?post=5679"},{"taxonomy":"author","embeddable":true,"href":"https:\/\/ppgecpan.ufms.br\/es\/wp-json\/wp\/v2\/coauthors?post=5679"}],"curies":[{"name":"wp","href":"https:\/\/api.w.org\/{rel}","templated":true}]}}