{"id":6067,"date":"2023-05-24T15:51:56","date_gmt":"2023-05-24T19:51:56","guid":{"rendered":"https:\/\/ppgecpan.ufms.br\/?p=6067"},"modified":"2025-06-12T10:28:04","modified_gmt":"2025-06-12T14:28:04","slug":"mayara-da-silva-porfirio-acolhimento-institucional-e-o-direito-a-educacao-um-mapeamento-das-producoes-cientificas-na-pos-graduacao-em-educacao-1996-2021","status":"publish","type":"post","link":"https:\/\/ppgecpan.ufms.br\/es\/mayara-da-silva-porfirio-acolhimento-institucional-e-o-direito-a-educacao-um-mapeamento-das-producoes-cientificas-na-pos-graduacao-em-educacao-1996-2021\/","title":{"rendered":"(Portugu\u00eas do Brasil) MAYARA DA SILVA PORF\u00cdRIO &#8211; ACOLHIMENTO INSTITUCIONAL E O DIREITO \u00c0 EDUCA\u00c7\u00c3O: UM MAPEAMENTO DAS PRODU\u00c7\u00d5ES CIENT\u00cdFICAS NA P\u00d3S-GRADUA\u00c7\u00c3O EM EDUCA\u00c7\u00c3O (1996 \u2013 2021)"},"content":{"rendered":"<p class=\"qtranxs-available-languages-message qtranxs-available-languages-message-es\">Disculpa, pero esta entrada est\u00e1 disponible s\u00f3lo en <a href=\"https:\/\/ppgecpan.ufms.br\/pb\/wp-json\/wp\/v2\/posts\/6067\" class=\"qtranxs-available-language-link qtranxs-available-language-link-pb\" title=\"Portugu\u00eas do Brasil\">Portugu\u00eas do Brasil<\/a>.<\/p>","protected":false},"excerpt":{"rendered":"<p>Disculpa, pero esta entrada est\u00e1 disponible s\u00f3lo en Portugu\u00eas do Brasil.<\/p>\n","protected":false},"author":45791,"featured_media":0,"comment_status":"closed","ping_status":"open","sticky":false,"template":"","format":"standard","meta":{"footnotes":""},"categories":[77,8],"tags":[],"coauthors":[],"class_list":["post-6067","post","type-post","status-publish","format-standard","hentry","category-77","category-dissertacoes"],"_links":{"self":[{"href":"https:\/\/ppgecpan.ufms.br\/es\/wp-json\/wp\/v2\/posts\/6067","targetHints":{"allow":["GET"]}}],"collection":[{"href":"https:\/\/ppgecpan.ufms.br\/es\/wp-json\/wp\/v2\/posts"}],"about":[{"href":"https:\/\/ppgecpan.ufms.br\/es\/wp-json\/wp\/v2\/types\/post"}],"author":[{"embeddable":true,"href":"https:\/\/ppgecpan.ufms.br\/es\/wp-json\/wp\/v2\/users\/45791"}],"replies":[{"embeddable":true,"href":"https:\/\/ppgecpan.ufms.br\/es\/wp-json\/wp\/v2\/comments?post=6067"}],"version-history":[{"count":2,"href":"https:\/\/ppgecpan.ufms.br\/es\/wp-json\/wp\/v2\/posts\/6067\/revisions"}],"predecessor-version":[{"id":7693,"href":"https:\/\/ppgecpan.ufms.br\/es\/wp-json\/wp\/v2\/posts\/6067\/revisions\/7693"}],"wp:attachment":[{"href":"https:\/\/ppgecpan.ufms.br\/es\/wp-json\/wp\/v2\/media?parent=6067"}],"wp:term":[{"taxonomy":"category","embeddable":true,"href":"https:\/\/ppgecpan.ufms.br\/es\/wp-json\/wp\/v2\/categories?post=6067"},{"taxonomy":"post_tag","embeddable":true,"href":"https:\/\/ppgecpan.ufms.br\/es\/wp-json\/wp\/v2\/tags?post=6067"},{"taxonomy":"author","embeddable":true,"href":"https:\/\/ppgecpan.ufms.br\/es\/wp-json\/wp\/v2\/coauthors?post=6067"}],"curies":[{"name":"wp","href":"https:\/\/api.w.org\/{rel}","templated":true}]}}