{"id":6075,"date":"2023-05-24T15:57:30","date_gmt":"2023-05-24T19:57:30","guid":{"rendered":"https:\/\/ppgecpan.ufms.br\/?p=6075"},"modified":"2025-06-12T10:28:04","modified_gmt":"2025-06-12T14:28:04","slug":"rener-de-melo-helena-curriculo-e-pedagogia-cultural-no-carnaval-de-corumba-ms-as-baterias-das-escolas-de-samba-e-a-producao-de-masculinidades","status":"publish","type":"post","link":"https:\/\/ppgecpan.ufms.br\/es\/rener-de-melo-helena-curriculo-e-pedagogia-cultural-no-carnaval-de-corumba-ms-as-baterias-das-escolas-de-samba-e-a-producao-de-masculinidades\/","title":{"rendered":"(Portugu\u00eas do Brasil) RENER DE MELO HELENA &#8211; CURR\u00cdCULO E PEDAGOGIA CULTURAL NO CARNAVAL DE CORUMB\u00c1\/MS: AS BATERIAS DAS ESCOLAS DE SAMBA E A PRODU\u00c7\u00c3O DE MASCULINIDADES"},"content":{"rendered":"<p class=\"qtranxs-available-languages-message qtranxs-available-languages-message-es\">Disculpa, pero esta entrada est\u00e1 disponible s\u00f3lo en <a href=\"https:\/\/ppgecpan.ufms.br\/pb\/wp-json\/wp\/v2\/posts\/6075\" class=\"qtranxs-available-language-link qtranxs-available-language-link-pb\" title=\"Portugu\u00eas do Brasil\">Portugu\u00eas do Brasil<\/a>.<\/p>","protected":false},"excerpt":{"rendered":"<p>Disculpa, pero esta entrada est\u00e1 disponible s\u00f3lo en Portugu\u00eas do Brasil.<\/p>\n","protected":false},"author":45791,"featured_media":0,"comment_status":"closed","ping_status":"open","sticky":false,"template":"","format":"standard","meta":{"footnotes":""},"categories":[77,8],"tags":[],"coauthors":[],"class_list":["post-6075","post","type-post","status-publish","format-standard","hentry","category-77","category-dissertacoes"],"_links":{"self":[{"href":"https:\/\/ppgecpan.ufms.br\/es\/wp-json\/wp\/v2\/posts\/6075","targetHints":{"allow":["GET"]}}],"collection":[{"href":"https:\/\/ppgecpan.ufms.br\/es\/wp-json\/wp\/v2\/posts"}],"about":[{"href":"https:\/\/ppgecpan.ufms.br\/es\/wp-json\/wp\/v2\/types\/post"}],"author":[{"embeddable":true,"href":"https:\/\/ppgecpan.ufms.br\/es\/wp-json\/wp\/v2\/users\/45791"}],"replies":[{"embeddable":true,"href":"https:\/\/ppgecpan.ufms.br\/es\/wp-json\/wp\/v2\/comments?post=6075"}],"version-history":[{"count":2,"href":"https:\/\/ppgecpan.ufms.br\/es\/wp-json\/wp\/v2\/posts\/6075\/revisions"}],"predecessor-version":[{"id":7691,"href":"https:\/\/ppgecpan.ufms.br\/es\/wp-json\/wp\/v2\/posts\/6075\/revisions\/7691"}],"wp:attachment":[{"href":"https:\/\/ppgecpan.ufms.br\/es\/wp-json\/wp\/v2\/media?parent=6075"}],"wp:term":[{"taxonomy":"category","embeddable":true,"href":"https:\/\/ppgecpan.ufms.br\/es\/wp-json\/wp\/v2\/categories?post=6075"},{"taxonomy":"post_tag","embeddable":true,"href":"https:\/\/ppgecpan.ufms.br\/es\/wp-json\/wp\/v2\/tags?post=6075"},{"taxonomy":"author","embeddable":true,"href":"https:\/\/ppgecpan.ufms.br\/es\/wp-json\/wp\/v2\/coauthors?post=6075"}],"curies":[{"name":"wp","href":"https:\/\/api.w.org\/{rel}","templated":true}]}}