{"id":6079,"date":"2023-05-24T15:59:50","date_gmt":"2023-05-24T19:59:50","guid":{"rendered":"https:\/\/ppgecpan.ufms.br\/?p=6079"},"modified":"2025-06-12T10:28:03","modified_gmt":"2025-06-12T14:28:03","slug":"tatiana-da-silva-ramos-batista-a-dimensao-criativa-da-docencia-conceituacoes-a-partir-da-pedagogia-retorica-e-da-filosofia-de-gilles-deleuze","status":"publish","type":"post","link":"https:\/\/ppgecpan.ufms.br\/es\/tatiana-da-silva-ramos-batista-a-dimensao-criativa-da-docencia-conceituacoes-a-partir-da-pedagogia-retorica-e-da-filosofia-de-gilles-deleuze\/","title":{"rendered":"(Portugu\u00eas do Brasil) TATIANA DA SILVA RAMOS BATISTA &#8211; A DIMENS\u00c3O CRIATIVA DA DOC\u00caNCIA: CONCEITUA\u00c7\u00d5ES A PARTIR DA PEDAGOGIA RET\u00d3RICA E DA FILOSOFIA DE GILLES DELEUZE"},"content":{"rendered":"<p class=\"qtranxs-available-languages-message qtranxs-available-languages-message-es\">Disculpa, pero esta entrada est\u00e1 disponible s\u00f3lo en <a href=\"https:\/\/ppgecpan.ufms.br\/pb\/wp-json\/wp\/v2\/posts\/6079\" class=\"qtranxs-available-language-link qtranxs-available-language-link-pb\" title=\"Portugu\u00eas do Brasil\">Portugu\u00eas do Brasil<\/a>.<\/p>","protected":false},"excerpt":{"rendered":"<p>Disculpa, pero esta entrada est\u00e1 disponible s\u00f3lo en Portugu\u00eas do Brasil.<\/p>\n","protected":false},"author":45791,"featured_media":0,"comment_status":"closed","ping_status":"open","sticky":false,"template":"","format":"standard","meta":{"footnotes":""},"categories":[77,8],"tags":[],"coauthors":[],"class_list":["post-6079","post","type-post","status-publish","format-standard","hentry","category-77","category-dissertacoes"],"_links":{"self":[{"href":"https:\/\/ppgecpan.ufms.br\/es\/wp-json\/wp\/v2\/posts\/6079","targetHints":{"allow":["GET"]}}],"collection":[{"href":"https:\/\/ppgecpan.ufms.br\/es\/wp-json\/wp\/v2\/posts"}],"about":[{"href":"https:\/\/ppgecpan.ufms.br\/es\/wp-json\/wp\/v2\/types\/post"}],"author":[{"embeddable":true,"href":"https:\/\/ppgecpan.ufms.br\/es\/wp-json\/wp\/v2\/users\/45791"}],"replies":[{"embeddable":true,"href":"https:\/\/ppgecpan.ufms.br\/es\/wp-json\/wp\/v2\/comments?post=6079"}],"version-history":[{"count":3,"href":"https:\/\/ppgecpan.ufms.br\/es\/wp-json\/wp\/v2\/posts\/6079\/revisions"}],"predecessor-version":[{"id":7690,"href":"https:\/\/ppgecpan.ufms.br\/es\/wp-json\/wp\/v2\/posts\/6079\/revisions\/7690"}],"wp:attachment":[{"href":"https:\/\/ppgecpan.ufms.br\/es\/wp-json\/wp\/v2\/media?parent=6079"}],"wp:term":[{"taxonomy":"category","embeddable":true,"href":"https:\/\/ppgecpan.ufms.br\/es\/wp-json\/wp\/v2\/categories?post=6079"},{"taxonomy":"post_tag","embeddable":true,"href":"https:\/\/ppgecpan.ufms.br\/es\/wp-json\/wp\/v2\/tags?post=6079"},{"taxonomy":"author","embeddable":true,"href":"https:\/\/ppgecpan.ufms.br\/es\/wp-json\/wp\/v2\/coauthors?post=6079"}],"curies":[{"name":"wp","href":"https:\/\/api.w.org\/{rel}","templated":true}]}}