{"id":623,"date":"2014-01-31T16:24:45","date_gmt":"2014-01-31T20:24:45","guid":{"rendered":"http:\/\/ppgecpan.draconis.ufms.br\/?p=623"},"modified":"2016-02-19T16:04:15","modified_gmt":"2016-02-19T20:04:15","slug":"reabertas-as-inscricoes-para-bolsa-de-pos-doutorado-2014","status":"publish","type":"post","link":"https:\/\/ppgecpan.ufms.br\/es\/reabertas-as-inscricoes-para-bolsa-de-pos-doutorado-2014\/","title":{"rendered":"Bolsa de p\u00f3s-doutorado 2014"},"content":{"rendered":"<p style=\"text-align: left\">Est\u00e3o reabertas as inscri\u00e7\u00f5es para o edital de est\u00e1gio p\u00f3s-doutoral no Programa de p\u00f3s-gradua\u00e7\u00e3o em Educa\u00e7\u00e3o &#8211; Educa\u00e7\u00e3o Social da Universidade Federal de Mato Grosso do Sul, no Campus do Pantanal (Corumb\u00e1).<br \/>\nPer\u00edodo de inscri\u00e7\u00f5es: 06 a 26 de fevereiro de 2014<br \/>\nlink do edital (<a href=\"http:\/\/ppgecpan.draconis.ufms.br\/wp-content\/blogs.dir\/14\/files\/2014\/01\/Edital-para-PNPD-inicio-mar-2014.pdf\">Edital para PNPD UFMS\/CPAN<\/a>)<\/p>\n","protected":false},"excerpt":{"rendered":"<p>Est\u00e3o reabertas as inscri\u00e7\u00f5es para o edital de est\u00e1gio p\u00f3s-doutoral no Programa de p\u00f3s-gradua\u00e7\u00e3o em Educa\u00e7\u00e3o &#8211; Educa\u00e7\u00e3o Social da Universidade Federal de Mato Grosso do Sul, no Campus do Pantanal (Corumb\u00e1). Per\u00edodo de inscri\u00e7\u00f5es: 06 a 26 de fevereiro de 2014 link do edital (Edital para PNPD UFMS\/CPAN)<\/p>\n","protected":false},"author":18799,"featured_media":108,"comment_status":"closed","ping_status":"open","sticky":false,"template":"","format":"standard","meta":{"footnotes":""},"categories":[9,1],"tags":[],"coauthors":[],"class_list":["post-623","post","type-post","status-publish","format-standard","has-post-thumbnail","hentry","category-editais","category-noticias"],"_links":{"self":[{"href":"https:\/\/ppgecpan.ufms.br\/es\/wp-json\/wp\/v2\/posts\/623","targetHints":{"allow":["GET"]}}],"collection":[{"href":"https:\/\/ppgecpan.ufms.br\/es\/wp-json\/wp\/v2\/posts"}],"about":[{"href":"https:\/\/ppgecpan.ufms.br\/es\/wp-json\/wp\/v2\/types\/post"}],"author":[{"embeddable":true,"href":"https:\/\/ppgecpan.ufms.br\/es\/wp-json\/wp\/v2\/users\/18799"}],"replies":[{"embeddable":true,"href":"https:\/\/ppgecpan.ufms.br\/es\/wp-json\/wp\/v2\/comments?post=623"}],"version-history":[{"count":3,"href":"https:\/\/ppgecpan.ufms.br\/es\/wp-json\/wp\/v2\/posts\/623\/revisions"}],"predecessor-version":[{"id":643,"href":"https:\/\/ppgecpan.ufms.br\/es\/wp-json\/wp\/v2\/posts\/623\/revisions\/643"}],"wp:featuredmedia":[{"embeddable":true,"href":"https:\/\/ppgecpan.ufms.br\/es\/wp-json\/wp\/v2\/media\/108"}],"wp:attachment":[{"href":"https:\/\/ppgecpan.ufms.br\/es\/wp-json\/wp\/v2\/media?parent=623"}],"wp:term":[{"taxonomy":"category","embeddable":true,"href":"https:\/\/ppgecpan.ufms.br\/es\/wp-json\/wp\/v2\/categories?post=623"},{"taxonomy":"post_tag","embeddable":true,"href":"https:\/\/ppgecpan.ufms.br\/es\/wp-json\/wp\/v2\/tags?post=623"},{"taxonomy":"author","embeddable":true,"href":"https:\/\/ppgecpan.ufms.br\/es\/wp-json\/wp\/v2\/coauthors?post=623"}],"curies":[{"name":"wp","href":"https:\/\/api.w.org\/{rel}","templated":true}]}}