{"id":6311,"date":"2023-07-14T15:55:57","date_gmt":"2023-07-14T19:55:57","guid":{"rendered":"https:\/\/ppgecpan.ufms.br\/?p=6311"},"modified":"2025-06-12T10:28:03","modified_gmt":"2025-06-12T14:28:03","slug":"monica-mendes-da-cunha-pestana-educacao-especial-em-contexto-de-pandemia-analise-do-atendimento-educacional-especializado","status":"publish","type":"post","link":"https:\/\/ppgecpan.ufms.br\/es\/monica-mendes-da-cunha-pestana-educacao-especial-em-contexto-de-pandemia-analise-do-atendimento-educacional-especializado\/","title":{"rendered":"(Portugu\u00eas do Brasil) M\u00d4NICA MENDES DA CUNHA PESTANA &#8211; EDUCA\u00c7\u00c3O ESPECIAL EM CONTEXTO DE PANDEMIA: AN\u00c1LISE DO ATENDIMENTO EDUCACIONAL ESPECIALIZADO"},"content":{"rendered":"<p class=\"qtranxs-available-languages-message qtranxs-available-languages-message-es\">Disculpa, pero esta entrada est\u00e1 disponible s\u00f3lo en <a href=\"https:\/\/ppgecpan.ufms.br\/pb\/wp-json\/wp\/v2\/posts\/6311\" class=\"qtranxs-available-language-link qtranxs-available-language-link-pb\" title=\"Portugu\u00eas do Brasil\">Portugu\u00eas do Brasil<\/a>.<\/p>","protected":false},"excerpt":{"rendered":"<p>Disculpa, pero esta entrada est\u00e1 disponible s\u00f3lo en Portugu\u00eas do Brasil.<\/p>\n","protected":false},"author":45791,"featured_media":0,"comment_status":"closed","ping_status":"open","sticky":false,"template":"","format":"standard","meta":{"footnotes":""},"categories":[77,8],"tags":[],"coauthors":[],"class_list":["post-6311","post","type-post","status-publish","format-standard","hentry","category-77","category-dissertacoes"],"_links":{"self":[{"href":"https:\/\/ppgecpan.ufms.br\/es\/wp-json\/wp\/v2\/posts\/6311","targetHints":{"allow":["GET"]}}],"collection":[{"href":"https:\/\/ppgecpan.ufms.br\/es\/wp-json\/wp\/v2\/posts"}],"about":[{"href":"https:\/\/ppgecpan.ufms.br\/es\/wp-json\/wp\/v2\/types\/post"}],"author":[{"embeddable":true,"href":"https:\/\/ppgecpan.ufms.br\/es\/wp-json\/wp\/v2\/users\/45791"}],"replies":[{"embeddable":true,"href":"https:\/\/ppgecpan.ufms.br\/es\/wp-json\/wp\/v2\/comments?post=6311"}],"version-history":[{"count":3,"href":"https:\/\/ppgecpan.ufms.br\/es\/wp-json\/wp\/v2\/posts\/6311\/revisions"}],"predecessor-version":[{"id":7672,"href":"https:\/\/ppgecpan.ufms.br\/es\/wp-json\/wp\/v2\/posts\/6311\/revisions\/7672"}],"wp:attachment":[{"href":"https:\/\/ppgecpan.ufms.br\/es\/wp-json\/wp\/v2\/media?parent=6311"}],"wp:term":[{"taxonomy":"category","embeddable":true,"href":"https:\/\/ppgecpan.ufms.br\/es\/wp-json\/wp\/v2\/categories?post=6311"},{"taxonomy":"post_tag","embeddable":true,"href":"https:\/\/ppgecpan.ufms.br\/es\/wp-json\/wp\/v2\/tags?post=6311"},{"taxonomy":"author","embeddable":true,"href":"https:\/\/ppgecpan.ufms.br\/es\/wp-json\/wp\/v2\/coauthors?post=6311"}],"curies":[{"name":"wp","href":"https:\/\/api.w.org\/{rel}","templated":true}]}}