{"id":6578,"date":"2023-12-05T10:12:05","date_gmt":"2023-12-05T14:12:05","guid":{"rendered":"https:\/\/ppgecpan.ufms.br\/?p=6578"},"modified":"2025-06-12T10:28:02","modified_gmt":"2025-06-12T14:28:02","slug":"rosiane-ruth-de-almeida-albuquerque-lei-10-639-03-a-insercao-da-historia-africana-e-afro-brasileira-do-ensino-fundamental-nas-escolas-do-municipio-de-corumbams","status":"publish","type":"post","link":"https:\/\/ppgecpan.ufms.br\/es\/rosiane-ruth-de-almeida-albuquerque-lei-10-639-03-a-insercao-da-historia-africana-e-afro-brasileira-do-ensino-fundamental-nas-escolas-do-municipio-de-corumbams\/","title":{"rendered":"(Portugu\u00eas do Brasil) ROSIANE RUTH DE ALMEIDA ALBUQUERQUE &#8211; LEI 10.639\/03 &#8211; A INSER\u00c7\u00c3O DA HIST\u00d3RIA AFRICANA E AFRO-BRASILEIRA DO ENSINO FUNDAMENTAL NAS ESCOLAS DO MUNIC\u00cdPIO DE CORUMB\u00c1,MS"},"content":{"rendered":"<p class=\"qtranxs-available-languages-message qtranxs-available-languages-message-es\">Disculpa, pero esta entrada est\u00e1 disponible s\u00f3lo en <a href=\"https:\/\/ppgecpan.ufms.br\/pb\/wp-json\/wp\/v2\/posts\/6578\" class=\"qtranxs-available-language-link qtranxs-available-language-link-pb\" title=\"Portugu\u00eas do Brasil\">Portugu\u00eas do Brasil<\/a>.<\/p>","protected":false},"excerpt":{"rendered":"<p>Disculpa, pero esta entrada est\u00e1 disponible s\u00f3lo en Portugu\u00eas do Brasil.<\/p>\n","protected":false},"author":45791,"featured_media":0,"comment_status":"closed","ping_status":"open","sticky":false,"template":"","format":"standard","meta":{"footnotes":""},"categories":[80,8],"tags":[],"coauthors":[],"class_list":["post-6578","post","type-post","status-publish","format-standard","hentry","category-80","category-dissertacoes"],"_links":{"self":[{"href":"https:\/\/ppgecpan.ufms.br\/es\/wp-json\/wp\/v2\/posts\/6578","targetHints":{"allow":["GET"]}}],"collection":[{"href":"https:\/\/ppgecpan.ufms.br\/es\/wp-json\/wp\/v2\/posts"}],"about":[{"href":"https:\/\/ppgecpan.ufms.br\/es\/wp-json\/wp\/v2\/types\/post"}],"author":[{"embeddable":true,"href":"https:\/\/ppgecpan.ufms.br\/es\/wp-json\/wp\/v2\/users\/45791"}],"replies":[{"embeddable":true,"href":"https:\/\/ppgecpan.ufms.br\/es\/wp-json\/wp\/v2\/comments?post=6578"}],"version-history":[{"count":6,"href":"https:\/\/ppgecpan.ufms.br\/es\/wp-json\/wp\/v2\/posts\/6578\/revisions"}],"predecessor-version":[{"id":7649,"href":"https:\/\/ppgecpan.ufms.br\/es\/wp-json\/wp\/v2\/posts\/6578\/revisions\/7649"}],"wp:attachment":[{"href":"https:\/\/ppgecpan.ufms.br\/es\/wp-json\/wp\/v2\/media?parent=6578"}],"wp:term":[{"taxonomy":"category","embeddable":true,"href":"https:\/\/ppgecpan.ufms.br\/es\/wp-json\/wp\/v2\/categories?post=6578"},{"taxonomy":"post_tag","embeddable":true,"href":"https:\/\/ppgecpan.ufms.br\/es\/wp-json\/wp\/v2\/tags?post=6578"},{"taxonomy":"author","embeddable":true,"href":"https:\/\/ppgecpan.ufms.br\/es\/wp-json\/wp\/v2\/coauthors?post=6578"}],"curies":[{"name":"wp","href":"https:\/\/api.w.org\/{rel}","templated":true}]}}