{"id":66,"date":"2012-02-03T16:13:48","date_gmt":"2012-02-03T16:13:48","guid":{"rendered":"http:\/\/ppgecpan.draconis.ufms.br\/?p=66"},"modified":"2016-03-13T11:13:30","modified_gmt":"2016-03-13T15:13:30","slug":"ii-seminario-de-pesquisa-do-observatorio-educacao-capes","status":"publish","type":"post","link":"https:\/\/ppgecpan.ufms.br\/es\/ii-seminario-de-pesquisa-do-observatorio-educacao-capes\/","title":{"rendered":"II Semin\u00e1rio de Pesquisa  do Observat\u00f3rio Educa\u00e7\u00e3o \u2013 CAPES."},"content":{"rendered":"<p>O grupo de pesquisa\u00a0Pol\u00edticas P\u00fablicas de educa\u00e7\u00e3o e educa\u00e7\u00e3o especial\u00a0realizar\u00e1 de\u00a0\u00a028 a 30 de mar\u00e7o de 2012, no\u00a0Campus\u00a0do Pantanal, \u00a0o II Semin\u00e1rio de Pesquisa do Observat\u00f3rio Educa\u00e7\u00e3o \u2013 CAPES.<\/p>\n<p>Em breve mais informa\u00e7\u00f5es<\/p>\n","protected":false},"excerpt":{"rendered":"<p>O grupo de pesquisa\u00a0Pol\u00edticas P\u00fablicas de educa\u00e7\u00e3o e educa\u00e7\u00e3o especial\u00a0realizar\u00e1 de\u00a0\u00a028 a 30 de mar\u00e7o de 2012, no\u00a0Campus\u00a0do Pantanal, \u00a0o II Semin\u00e1rio de Pesquisa do Observat\u00f3rio Educa\u00e7\u00e3o \u2013 CAPES. Em breve mais informa\u00e7\u00f5es<\/p>\n","protected":false},"author":7,"featured_media":1494,"comment_status":"closed","ping_status":"closed","sticky":false,"template":"","format":"standard","meta":{"footnotes":""},"categories":[10,38],"tags":[],"coauthors":[],"class_list":["post-66","post","type-post","status-publish","format-standard","has-post-thumbnail","hentry","category-eventos","category-eventos-internos"],"_links":{"self":[{"href":"https:\/\/ppgecpan.ufms.br\/es\/wp-json\/wp\/v2\/posts\/66","targetHints":{"allow":["GET"]}}],"collection":[{"href":"https:\/\/ppgecpan.ufms.br\/es\/wp-json\/wp\/v2\/posts"}],"about":[{"href":"https:\/\/ppgecpan.ufms.br\/es\/wp-json\/wp\/v2\/types\/post"}],"author":[{"embeddable":true,"href":"https:\/\/ppgecpan.ufms.br\/es\/wp-json\/wp\/v2\/users\/7"}],"replies":[{"embeddable":true,"href":"https:\/\/ppgecpan.ufms.br\/es\/wp-json\/wp\/v2\/comments?post=66"}],"version-history":[{"count":5,"href":"https:\/\/ppgecpan.ufms.br\/es\/wp-json\/wp\/v2\/posts\/66\/revisions"}],"predecessor-version":[{"id":209,"href":"https:\/\/ppgecpan.ufms.br\/es\/wp-json\/wp\/v2\/posts\/66\/revisions\/209"}],"wp:featuredmedia":[{"embeddable":true,"href":"https:\/\/ppgecpan.ufms.br\/es\/wp-json\/wp\/v2\/media\/1494"}],"wp:attachment":[{"href":"https:\/\/ppgecpan.ufms.br\/es\/wp-json\/wp\/v2\/media?parent=66"}],"wp:term":[{"taxonomy":"category","embeddable":true,"href":"https:\/\/ppgecpan.ufms.br\/es\/wp-json\/wp\/v2\/categories?post=66"},{"taxonomy":"post_tag","embeddable":true,"href":"https:\/\/ppgecpan.ufms.br\/es\/wp-json\/wp\/v2\/tags?post=66"},{"taxonomy":"author","embeddable":true,"href":"https:\/\/ppgecpan.ufms.br\/es\/wp-json\/wp\/v2\/coauthors?post=66"}],"curies":[{"name":"wp","href":"https:\/\/api.w.org\/{rel}","templated":true}]}}