{"id":666,"date":"2014-07-27T20:30:26","date_gmt":"2014-07-28T00:30:26","guid":{"rendered":"http:\/\/ppgecpan.draconis.ufms.br\/?p=666"},"modified":"2020-07-06T10:16:56","modified_gmt":"2020-07-06T14:16:56","slug":"relacao-de-alunos-especiais-aprovados-20142","status":"publish","type":"post","link":"https:\/\/ppgecpan.ufms.br\/es\/relacao-de-alunos-especiais-aprovados-20142\/","title":{"rendered":"RELA\u00c7\u00c3O DE ALUNOS ESPECIAIS APROVADOS 2014\/2"},"content":{"rendered":"<strong>Disciplina Especial: Educa\u00e7\u00e3o Especial: pol\u00edticas, processos e pr\u00e1ticas<\/strong><\/p>\n<p><strong>Profa. Dra. NesdeteMesquitaCorr\u00eaa<\/strong><\/p>\n<p><strong>Profa. Dra. Celi Corr\u00eaa Neres<\/strong><\/p>\n<p><strong>\u00a0<\/strong><\/p>\n<ol>\n<li><strong>Andressa Moreira dos Anjos Paraquett<\/strong><\/li>\n<li><strong>Catherine Regina Penedo dos Santos Carvalho<\/strong><\/li>\n<li><strong>Damiana da Costa Sanchez Oliveira<\/strong><\/li>\n<li><strong>Daniella Ferreira Caetano Silva<\/strong><\/li>\n<li><strong>Ecarla da Costa Sanchez<\/strong><\/li>\n<li><strong>Daniele Lucas V\u00f3ria<\/strong><\/li>\n<li><strong>Maria In\u00eas Nascimento de Fran\u00e7a <\/strong><\/li>\n<li><strong>Simone Alves Corr\u00eaa de Souza<\/strong><\/li>\n<li><strong>Victor de Carvalho Gon\u00e7alves<\/strong><\/li>\n<\/ol>\n<p><strong>\u00a0<\/strong><\/p>\n<p><strong>POL\u00cdTICAS P\u00daBLICAS PARA A INF\u00c2NCIA E ADOLESC\u00caNCIA<\/strong><\/p>\n<p><strong>Profa. Dra. Anamaria Santana da Silva <\/strong><\/p>\n<ol>\n<li><strong>Ana Paula Fernandes<\/strong><\/li>\n<li><strong>Felipe Dartagan Maropo Teixeira de Castro<\/strong><\/li>\n<li><strong>Geruza Soares de Souza Papa<\/strong><\/li>\n<li><strong>Jos\u00e9 Fernando dos Santos<\/strong><\/li>\n<li><strong>Samuel da Silva Souza<\/strong><\/li>\n<li><strong>Sandra Balbueno de Oliveira de Vargas<\/strong><\/li>\n<\/ol>\n<p><strong>MATR\u00cdCULA: 28 e 29\/07\/2014<\/strong><\/p>\n<p><strong>HOR\u00c1RIO: Das 08:00 \u00e0s 10:30hs e das 14:00 \u00e0s 16:30 <\/strong><\/p>\n<p><strong>LOCAL: UNIDADE III \u2013 Antiga Alf\u00e2ndega (Porto Geral)<\/strong><\/p>\n<p><strong>Documentos necess\u00e1rios: Fotoc\u00f3pia RG, CPF, TITULO DE ELEITOR, CERTID\u00c3O DE NASCIMENTO OU CASAMENTO E CERTIFICADO DE RESERVISTA.<\/strong>","protected":false},"excerpt":{"rendered":"<p>Disciplina Especial: Educa\u00e7\u00e3o Especial: pol\u00edticas, processos e pr\u00e1ticas Profa. Dra. NesdeteMesquitaCorr\u00eaa Profa. Dra. Celi Corr\u00eaa Neres \u00a0 Andressa Moreira dos Anjos Paraquett Catherine Regina Penedo dos Santos Carvalho Damiana da Costa Sanchez Oliveira Daniella Ferreira Caetano Silva Ecarla da Costa Sanchez Daniele Lucas V\u00f3ria Maria In\u00eas Nascimento de Fran\u00e7a Simone Alves Corr\u00eaa de Souza Victor [&hellip;]<\/p>\n","protected":false},"author":18799,"featured_media":108,"comment_status":"closed","ping_status":"open","sticky":false,"template":"","format":"standard","meta":{"footnotes":""},"categories":[1],"tags":[],"coauthors":[],"class_list":["post-666","post","type-post","status-publish","format-standard","has-post-thumbnail","hentry","category-noticias"],"_links":{"self":[{"href":"https:\/\/ppgecpan.ufms.br\/es\/wp-json\/wp\/v2\/posts\/666","targetHints":{"allow":["GET"]}}],"collection":[{"href":"https:\/\/ppgecpan.ufms.br\/es\/wp-json\/wp\/v2\/posts"}],"about":[{"href":"https:\/\/ppgecpan.ufms.br\/es\/wp-json\/wp\/v2\/types\/post"}],"author":[{"embeddable":true,"href":"https:\/\/ppgecpan.ufms.br\/es\/wp-json\/wp\/v2\/users\/18799"}],"replies":[{"embeddable":true,"href":"https:\/\/ppgecpan.ufms.br\/es\/wp-json\/wp\/v2\/comments?post=666"}],"version-history":[{"count":3,"href":"https:\/\/ppgecpan.ufms.br\/es\/wp-json\/wp\/v2\/posts\/666\/revisions"}],"predecessor-version":[{"id":4533,"href":"https:\/\/ppgecpan.ufms.br\/es\/wp-json\/wp\/v2\/posts\/666\/revisions\/4533"}],"wp:featuredmedia":[{"embeddable":true,"href":"https:\/\/ppgecpan.ufms.br\/es\/wp-json\/wp\/v2\/media\/108"}],"wp:attachment":[{"href":"https:\/\/ppgecpan.ufms.br\/es\/wp-json\/wp\/v2\/media?parent=666"}],"wp:term":[{"taxonomy":"category","embeddable":true,"href":"https:\/\/ppgecpan.ufms.br\/es\/wp-json\/wp\/v2\/categories?post=666"},{"taxonomy":"post_tag","embeddable":true,"href":"https:\/\/ppgecpan.ufms.br\/es\/wp-json\/wp\/v2\/tags?post=666"},{"taxonomy":"author","embeddable":true,"href":"https:\/\/ppgecpan.ufms.br\/es\/wp-json\/wp\/v2\/coauthors?post=666"}],"curies":[{"name":"wp","href":"https:\/\/api.w.org\/{rel}","templated":true}]}}