{"id":71,"date":"2012-02-03T16:16:51","date_gmt":"2012-02-03T16:16:51","guid":{"rendered":"http:\/\/ppgecpan.draconis.ufms.br\/?p=71"},"modified":"2012-02-27T14:31:43","modified_gmt":"2012-02-27T14:31:43","slug":"grade-horaria-turma-2009","status":"publish","type":"post","link":"https:\/\/ppgecpan.ufms.br\/es\/grade-horaria-turma-2009\/","title":{"rendered":"Grade Hor\u00e1ria Turma 2009"},"content":{"rendered":"<p>Turma 2009 \u2013 Obrigat\u00f3ria<br \/>\n1. Semin\u00e1rio de Pesquisa II \u2013 ser\u00e1 oferecida a cada 15 dias, \u00e0s 5\u00aas feiras (manh\u00e3 e tarde)<\/p>\n<p>Optativas:<\/p>\n<p>1. Processos Formativos de Educadores para Institui\u00e7\u00f5es Sociais: ser\u00e1 oferecida semanalmente, \u00e0s quartas-feiras<br \/>\nAbertas \u00e0s Turmas 2009 e 2010<br \/>\n2. Educa\u00e7\u00e3o e Institui\u00e7\u00f5es sociais: ser\u00e1 oferecida semanalmente, \u00e0s quartas-feiras<br \/>\nAbertas \u00e0s Turmas 2009 e 2010<br \/>\n3. Mudan\u00e7as no mundo do trabalho e educa\u00e7\u00e3o: ser\u00e1 oferecida \u00e0s 6\u00aas feiras, a cada 15 dias (apenas para Turma 2009)<\/p>\n<p>&nbsp;<\/p>\n<p>&nbsp;<\/p>\n<p>MATR\u00cdCULAS PARA ALUNOS ESPECIAIS:<\/p>\n<p>Vagas dispon\u00edveis nas disciplinas:<\/p>\n<p>Educa\u00e7\u00e3o e Institui\u00e7\u00f5es sociais \u2013 2 vagas<\/p>\n<p>Pesquisa em Educa\u00e7\u00e3o \u2013 2 vagas<\/p>\n<p>Fundamentos hist\u00f3rico-filos\u00f3ficos \u2013 4 vagas<\/p>\n<p>Processos Formativos de Educadores para Institui\u00e7\u00f5es Sociais \u2013 4 vagas<\/p>\n<p>Mudan\u00e7as no mundo do trabalho e educa\u00e7\u00e3o \u2013 3 vagas<\/p>\n","protected":false},"excerpt":{"rendered":"<p>Turma 2009 \u2013 Obrigat\u00f3ria 1. Semin\u00e1rio de Pesquisa II \u2013 ser\u00e1 oferecida a cada 15 dias, \u00e0s 5\u00aas feiras (manh\u00e3 e tarde) Optativas: 1. Processos Formativos de Educadores para Institui\u00e7\u00f5es Sociais: ser\u00e1 oferecida semanalmente, \u00e0s quartas-feiras Abertas \u00e0s Turmas 2009 e 2010 2. Educa\u00e7\u00e3o e Institui\u00e7\u00f5es sociais: ser\u00e1 oferecida semanalmente, \u00e0s quartas-feiras Abertas \u00e0s Turmas [&hellip;]<\/p>\n","protected":false},"author":7,"featured_media":0,"comment_status":"closed","ping_status":"closed","sticky":false,"template":"","format":"standard","meta":{"footnotes":""},"categories":[12,1],"tags":[],"coauthors":[],"class_list":["post-71","post","type-post","status-publish","format-standard","hentry","category-grade-horaria","category-noticias"],"_links":{"self":[{"href":"https:\/\/ppgecpan.ufms.br\/es\/wp-json\/wp\/v2\/posts\/71","targetHints":{"allow":["GET"]}}],"collection":[{"href":"https:\/\/ppgecpan.ufms.br\/es\/wp-json\/wp\/v2\/posts"}],"about":[{"href":"https:\/\/ppgecpan.ufms.br\/es\/wp-json\/wp\/v2\/types\/post"}],"author":[{"embeddable":true,"href":"https:\/\/ppgecpan.ufms.br\/es\/wp-json\/wp\/v2\/users\/7"}],"replies":[{"embeddable":true,"href":"https:\/\/ppgecpan.ufms.br\/es\/wp-json\/wp\/v2\/comments?post=71"}],"version-history":[{"count":4,"href":"https:\/\/ppgecpan.ufms.br\/es\/wp-json\/wp\/v2\/posts\/71\/revisions"}],"predecessor-version":[{"id":191,"href":"https:\/\/ppgecpan.ufms.br\/es\/wp-json\/wp\/v2\/posts\/71\/revisions\/191"}],"wp:attachment":[{"href":"https:\/\/ppgecpan.ufms.br\/es\/wp-json\/wp\/v2\/media?parent=71"}],"wp:term":[{"taxonomy":"category","embeddable":true,"href":"https:\/\/ppgecpan.ufms.br\/es\/wp-json\/wp\/v2\/categories?post=71"},{"taxonomy":"post_tag","embeddable":true,"href":"https:\/\/ppgecpan.ufms.br\/es\/wp-json\/wp\/v2\/tags?post=71"},{"taxonomy":"author","embeddable":true,"href":"https:\/\/ppgecpan.ufms.br\/es\/wp-json\/wp\/v2\/coauthors?post=71"}],"curies":[{"name":"wp","href":"https:\/\/api.w.org\/{rel}","templated":true}]}}