{"id":769,"date":"2014-10-09T15:17:59","date_gmt":"2014-10-09T19:17:59","guid":{"rendered":"http:\/\/ppgecpan.draconis.ufms.br\/?p=769"},"modified":"2014-10-09T15:17:59","modified_gmt":"2014-10-09T19:17:59","slug":"leidiane-garcia-viola-de-cochoms-um-estudo-processo-de-ensino-aprendizado-e-de-sua-resistencia-frente-globalizacao-cultural-nas-cidades-de-corumba-e-ladario","status":"publish","type":"post","link":"https:\/\/ppgecpan.ufms.br\/es\/leidiane-garcia-viola-de-cochoms-um-estudo-processo-de-ensino-aprendizado-e-de-sua-resistencia-frente-globalizacao-cultural-nas-cidades-de-corumba-e-ladario\/","title":{"rendered":"LEIDIANE GARCIA &#8211; Viola-de-Cocho\/MS: um estudo do processo de ensino-aprendizado e de sua resist\u00eancia frente \u00e0 globaliza\u00e7\u00e3o cultural nas cidades de Corumb\u00e1 e Lad\u00e1rio"},"content":{"rendered":"<p>RESUMO<\/p>\n<p style=\"text-align: justify\">Essa pesquisa tem como objeto de estudo a viola-de-cocho, um instrumento musical de cordas dedilhadas constru\u00eddo artesanalmente pelo homem pantaneiro das cidades de Corumb\u00e1 e Lad\u00e1rio, em Mato Grosso do Sul. Os primeiros registros de sua exist\u00eancia foram feitos h\u00e1 pelo menos 70 anos. Por\u00e9m, s\u00f3 no ano de 2004, devido \u00e0s dificuldades enfrentadas pelos tocadores na constru\u00e7\u00e3o e pr\u00e1tica da viola-de-cocho foi realizado o registro do modo de fazer a viola-de-cocho e atribu\u00eddo ao instrumento, o t\u00edtulo de Patrim\u00f4nio Cultural do Brasil, emitido pelo IPHAN &#8211; Instituto do Patrim\u00f4nio Hist\u00f3rico e Art\u00edstico Nacional. A titula\u00e7\u00e3o conferiu-lhe notoriedade e aten\u00e7\u00e3o; entretanto, ainda h\u00e1 a necessidade de produ\u00e7\u00f5es no campo cient\u00edfico que lhe deem visibilidade e que produzam conhecimento sobre a sua constitui\u00e7\u00e3o como express\u00e3o local. Logo, com esta pesquisa, objetivou-se investigar, por meio da estrat\u00e9gia do estudo de caso e com base no referencial te\u00f3rico metodol\u00f3gico materialista hist\u00f3rico dial\u00e9tico, como se desenvolveu o ensino e o aprendizado da viola-de-cocho nos munic\u00edpios de Corumb\u00e1 e Lad\u00e1rio. O estudo bibliogr\u00e1fico e as entrevistas realizadas junto aos tocadores revelaram transforma\u00e7\u00f5es e adapta\u00e7\u00f5es realizadas na constru\u00e7\u00e3o do instrumento, nas festas e apresenta\u00e7\u00f5es em que est\u00e1 sendo inserida a execu\u00e7\u00e3o da viola-de-cocho, na localidade. Ao passo que, imp\u00f5e-se gradativamente em resist\u00eancia ao complexo musical contempor\u00e2neo advindo da globaliza\u00e7\u00e3o cultural.<\/p>\n<p>Palavras-chaves: viola-de-cocho, globaliza\u00e7\u00e3o cultural, patrimonializa\u00e7\u00e3o.<\/p>\n<ul>\n<li><a href=\"http:\/\/ppgecpan.draconis.ufms.br\/files\/2014\/10\/DISSERTA\u00c7\u00c3O-LEIDIANE-GARCIA.pdf\">DOWNLOAD<\/a><\/li>\n<\/ul>\n","protected":false},"excerpt":{"rendered":"<p>RESUMO Essa pesquisa tem como objeto de estudo a viola-de-cocho, um instrumento musical de cordas dedilhadas constru\u00eddo artesanalmente pelo homem pantaneiro das cidades de Corumb\u00e1 e Lad\u00e1rio, em Mato Grosso do Sul. Os primeiros registros de sua exist\u00eancia foram feitos h\u00e1 pelo menos 70 anos. Por\u00e9m, s\u00f3 no ano de 2004, devido \u00e0s dificuldades enfrentadas [&hellip;]<\/p>\n","protected":false},"author":1488,"featured_media":0,"comment_status":"closed","ping_status":"open","sticky":false,"template":"","format":"standard","meta":{"footnotes":""},"categories":[30,8],"tags":[],"coauthors":[],"class_list":["post-769","post","type-post","status-publish","format-standard","hentry","category-30","category-dissertacoes"],"_links":{"self":[{"href":"https:\/\/ppgecpan.ufms.br\/es\/wp-json\/wp\/v2\/posts\/769","targetHints":{"allow":["GET"]}}],"collection":[{"href":"https:\/\/ppgecpan.ufms.br\/es\/wp-json\/wp\/v2\/posts"}],"about":[{"href":"https:\/\/ppgecpan.ufms.br\/es\/wp-json\/wp\/v2\/types\/post"}],"author":[{"embeddable":true,"href":"https:\/\/ppgecpan.ufms.br\/es\/wp-json\/wp\/v2\/users\/1488"}],"replies":[{"embeddable":true,"href":"https:\/\/ppgecpan.ufms.br\/es\/wp-json\/wp\/v2\/comments?post=769"}],"version-history":[{"count":1,"href":"https:\/\/ppgecpan.ufms.br\/es\/wp-json\/wp\/v2\/posts\/769\/revisions"}],"predecessor-version":[{"id":771,"href":"https:\/\/ppgecpan.ufms.br\/es\/wp-json\/wp\/v2\/posts\/769\/revisions\/771"}],"wp:attachment":[{"href":"https:\/\/ppgecpan.ufms.br\/es\/wp-json\/wp\/v2\/media?parent=769"}],"wp:term":[{"taxonomy":"category","embeddable":true,"href":"https:\/\/ppgecpan.ufms.br\/es\/wp-json\/wp\/v2\/categories?post=769"},{"taxonomy":"post_tag","embeddable":true,"href":"https:\/\/ppgecpan.ufms.br\/es\/wp-json\/wp\/v2\/tags?post=769"},{"taxonomy":"author","embeddable":true,"href":"https:\/\/ppgecpan.ufms.br\/es\/wp-json\/wp\/v2\/coauthors?post=769"}],"curies":[{"name":"wp","href":"https:\/\/api.w.org\/{rel}","templated":true}]}}