{"id":772,"date":"2014-10-09T15:20:56","date_gmt":"2014-10-09T19:20:56","guid":{"rendered":"http:\/\/ppgecpan.draconis.ufms.br\/?p=772"},"modified":"2014-10-09T15:21:27","modified_gmt":"2014-10-09T19:21:27","slug":"lucimeire-montenegro-freitas-o-ensino-da-danca-nas-escolas-municipais-de-corumba-ms-realidade-contradicao","status":"publish","type":"post","link":"https:\/\/ppgecpan.ufms.br\/es\/lucimeire-montenegro-freitas-o-ensino-da-danca-nas-escolas-municipais-de-corumba-ms-realidade-contradicao\/","title":{"rendered":"LUCIMEIRE MONTENEGRO FREITAS &#8211; O ensino da dan\u00e7a nas escolas municipais de Corumb\u00e1-MS: realidade contradi\u00e7\u00e3o"},"content":{"rendered":"<p>RESUMO<\/p>\n<p style=\"text-align: justify\">O referido trabalho teve como prop\u00f3sito conhecer a realidade do ensino de dan\u00e7a em Corumb\u00e1-MS, verificando de que maneira ocorre a media\u00e7\u00e3o desse conhecimento no \u00e2mbito escolar. Portanto, foram realizados estudos te\u00f3ricos, sobre Cultura, Arte, Criatividade e especialmente a Dan\u00e7a com enfoque na educa\u00e7\u00e3o, que possibilitou o conhecimento de sua constru\u00e7\u00e3o hist\u00f3rica e inser\u00e7\u00e3o no campo educacional. A compreens\u00e3o de como a dan\u00e7a est\u00e1 configurada nos documentos como: Par\u00e2metros Curriculares Nacionais (PCNs) de Arte e Diretrizes Curriculares Municipais de Corumb\u00e1-MS fez-se necess\u00e1ria com a inten\u00e7\u00e3o de proporcionar reflex\u00f5es e aproxim\u00e1-las da realidade encontrada. No campo emp\u00edrico, elaborou-se ficha de identifica\u00e7\u00e3o e caracteriza\u00e7\u00e3o do ensino da dan\u00e7a junto \u00e0 equipe pedag\u00f3gica de cada institui\u00e7\u00e3o, posteriormente, ocorreram entrevistas semi-estruturadas com professores indicados pela coordena\u00e7\u00e3o, que direta ou indiretamente trabalham com essa linguagem. O estudo foi desenvolvido em 12 escolas p\u00fablicas da rede Municipal de Corumb\u00e1 \u2013 MS. Trata-se de uma pesquisa qualitativa que se apoia na abordagem s\u00f3cio-hist\u00f3rica, tendo como principal referencial as ideias do russo Levi S. Vygotsky, buscando di\u00e1logos com autores que possuem estudos na \u00e1rea de Dan\u00e7a no contexto escolar como Marques (2007, 2008, 2010), Morandi (2006), Rengel (2006, 2010) e Strazzacappa (2006). A relev\u00e2ncia desse projeto consiste em contribuir para que se tenha um panorama da referida linguagem art\u00edstica nesse contexto social, ampliando o referencial dos estudos na \u00e1rea de dan\u00e7a como educa\u00e7\u00e3o.<\/p>\n<p>Palavras Chaves: Dan\u00e7a. Escola. Documentos educacionais.<\/p>\n<ul>\n<li><a href=\"http:\/\/ppgecpan.draconis.ufms.br\/files\/2014\/10\/disserta\u00e7\u00e3o-Lucimeire-Freitas.pdf\">DOWNLOAD<\/a><\/li>\n<\/ul>\n","protected":false},"excerpt":{"rendered":"<p>RESUMO O referido trabalho teve como prop\u00f3sito conhecer a realidade do ensino de dan\u00e7a em Corumb\u00e1-MS, verificando de que maneira ocorre a media\u00e7\u00e3o desse conhecimento no \u00e2mbito escolar. Portanto, foram realizados estudos te\u00f3ricos, sobre Cultura, Arte, Criatividade e especialmente a Dan\u00e7a com enfoque na educa\u00e7\u00e3o, que possibilitou o conhecimento de sua constru\u00e7\u00e3o hist\u00f3rica e inser\u00e7\u00e3o [&hellip;]<\/p>\n","protected":false},"author":1488,"featured_media":0,"comment_status":"closed","ping_status":"open","sticky":false,"template":"","format":"standard","meta":{"footnotes":""},"categories":[27,8],"tags":[],"coauthors":[],"class_list":["post-772","post","type-post","status-publish","format-standard","hentry","category-27","category-dissertacoes"],"_links":{"self":[{"href":"https:\/\/ppgecpan.ufms.br\/es\/wp-json\/wp\/v2\/posts\/772","targetHints":{"allow":["GET"]}}],"collection":[{"href":"https:\/\/ppgecpan.ufms.br\/es\/wp-json\/wp\/v2\/posts"}],"about":[{"href":"https:\/\/ppgecpan.ufms.br\/es\/wp-json\/wp\/v2\/types\/post"}],"author":[{"embeddable":true,"href":"https:\/\/ppgecpan.ufms.br\/es\/wp-json\/wp\/v2\/users\/1488"}],"replies":[{"embeddable":true,"href":"https:\/\/ppgecpan.ufms.br\/es\/wp-json\/wp\/v2\/comments?post=772"}],"version-history":[{"count":1,"href":"https:\/\/ppgecpan.ufms.br\/es\/wp-json\/wp\/v2\/posts\/772\/revisions"}],"predecessor-version":[{"id":775,"href":"https:\/\/ppgecpan.ufms.br\/es\/wp-json\/wp\/v2\/posts\/772\/revisions\/775"}],"wp:attachment":[{"href":"https:\/\/ppgecpan.ufms.br\/es\/wp-json\/wp\/v2\/media?parent=772"}],"wp:term":[{"taxonomy":"category","embeddable":true,"href":"https:\/\/ppgecpan.ufms.br\/es\/wp-json\/wp\/v2\/categories?post=772"},{"taxonomy":"post_tag","embeddable":true,"href":"https:\/\/ppgecpan.ufms.br\/es\/wp-json\/wp\/v2\/tags?post=772"},{"taxonomy":"author","embeddable":true,"href":"https:\/\/ppgecpan.ufms.br\/es\/wp-json\/wp\/v2\/coauthors?post=772"}],"curies":[{"name":"wp","href":"https:\/\/api.w.org\/{rel}","templated":true}]}}