{"id":779,"date":"2014-10-09T15:27:07","date_gmt":"2014-10-09T19:27:07","guid":{"rendered":"http:\/\/ppgecpan.draconis.ufms.br\/?p=779"},"modified":"2014-10-09T15:27:07","modified_gmt":"2014-10-09T19:27:07","slug":"maria-carmo-provenzano-de-arruda-brum-ensino-fundamental-de-nove-anos-legislacao-e-os-des-caminhos-percorridos","status":"publish","type":"post","link":"https:\/\/ppgecpan.ufms.br\/es\/maria-carmo-provenzano-de-arruda-brum-ensino-fundamental-de-nove-anos-legislacao-e-os-des-caminhos-percorridos\/","title":{"rendered":"MARIA DO CARMO PROVENZANO DE ARRUDA BRUM &#8211; Ensino Fundamental de nove anos: a legisla\u00e7\u00e3o e os (des) caminhos percorridos"},"content":{"rendered":"<p>RESUMO<\/p>\n<p>&nbsp;<\/p>\n<p style=\"text-align: justify\">Esta pesquisa surgiu de algumas inquieta\u00e7\u00f5es quanto ao processo de implanta\u00e7\u00e3o e implementa\u00e7\u00e3o do Ensino Fundamental de Nove Anos. Buscamos investigar como se deu esse processo em n\u00edvel macro e como ele se materializou em n\u00edvel micro. Para atingir os objetivos propostos, os trabalhos ancoraram-se em uma an\u00e1lise documental, utilizando-se da abordagem qualitativa como procedimento metodol\u00f3gico de coleta de dados do material emp\u00edrico para a an\u00e1lise do conte\u00fado. A an\u00e1lise se ancorou em tr\u00eas eixos: a) pesquisa bibliogr\u00e1fica; b) levantamento documental, incluindo documentos produzidos pelo Minist\u00e9rio da Educa\u00e7\u00e3o, pelo Conselho Nacional de Educa\u00e7\u00e3o, al\u00e9m de outros documentos que envolvem o Estado do Mato Grosso do Sul e a cidade de Corumb\u00e1 c) an\u00e1lise do material coletado. Pelo fato do ensino ser obrigat\u00f3rio, o primeiro cap\u00edtulo faz uma busca do significado desse termo dentro da hist\u00f3ria da educa\u00e7\u00e3o brasileira tentando entender quando passou a ser obrigat\u00f3rio no Brasil. No segundo cap\u00edtulo fizemos um levantamento da legisla\u00e7\u00e3o em n\u00edvel federal que envolve o Ensino Fundamental de Nove Anos aprofundando os estudos na Constitui\u00e7\u00e3o Federal de 1988, no Plano Nacional de Educa\u00e7\u00e3o, Lei n\u00ba 10.172\/2001, Lei n\u00ba 11.114\/2005, Lei n\u00ba 11.274\/2006 e os pareceres expedidos pelo Conselho Nacional de Educa\u00e7\u00e3o, a fim de ter uma vis\u00e3o panor\u00e2mica em se tratando de legisla\u00e7\u00e3o nacional. O terceiro cap\u00edtulo \u00e9 fundamentado por dados da Secretaria Estadual de Educa\u00e7\u00e3o, do estado do Mato Grosso do Sul e do Conselho Municipal de Educa\u00e7\u00e3o, do munic\u00edpio de Corumb\u00e1; a legisla\u00e7\u00e3o estadual e a municipal as quais envolvem a amplia\u00e7\u00e3o bem como os microdados do Censo Escolar do INEP para discutir a idade da clientela que estava ingressando no ensino obrigat\u00f3rio e, para finalizar nossos estudos conversamos um pouco com a literatura a fim de tentar entender os espa\u00e7os e os procedimentos pedag\u00f3gicos nos quais est\u00e3o as crian\u00e7as envolvidas. Atrav\u00e9s disso, pudemos percebemos que o ensino obrigat\u00f3rio no Brasil passou por diversas etapas e, em todas elas, o termo encontrava suas limita\u00e7\u00f5es. Foram necess\u00e1rios muitos documentos, leis e pap\u00e9is com o intuito de reconhecer o ensino como obrigat\u00f3rio e direito de todos.<\/p>\n<p>Palavras-chave: Obrigatoriedade. Idade. Legisla\u00e7\u00e3o. Ensino fundamental de nove anos.<\/p>\n<ul>\n<li><a href=\"http:\/\/ppgecpan.draconis.ufms.br\/files\/2014\/10\/Disserta\u00e7\u00e3o_Defesa_MdoCarmo.pdf\">DOWNLOAD<\/a><\/li>\n<\/ul>\n","protected":false},"excerpt":{"rendered":"<p>RESUMO &nbsp; Esta pesquisa surgiu de algumas inquieta\u00e7\u00f5es quanto ao processo de implanta\u00e7\u00e3o e implementa\u00e7\u00e3o do Ensino Fundamental de Nove Anos. Buscamos investigar como se deu esse processo em n\u00edvel macro e como ele se materializou em n\u00edvel micro. Para atingir os objetivos propostos, os trabalhos ancoraram-se em uma an\u00e1lise documental, utilizando-se da abordagem qualitativa [&hellip;]<\/p>\n","protected":false},"author":1488,"featured_media":0,"comment_status":"closed","ping_status":"open","sticky":false,"template":"","format":"standard","meta":{"footnotes":""},"categories":[30,8],"tags":[],"coauthors":[],"class_list":["post-779","post","type-post","status-publish","format-standard","hentry","category-30","category-dissertacoes"],"_links":{"self":[{"href":"https:\/\/ppgecpan.ufms.br\/es\/wp-json\/wp\/v2\/posts\/779","targetHints":{"allow":["GET"]}}],"collection":[{"href":"https:\/\/ppgecpan.ufms.br\/es\/wp-json\/wp\/v2\/posts"}],"about":[{"href":"https:\/\/ppgecpan.ufms.br\/es\/wp-json\/wp\/v2\/types\/post"}],"author":[{"embeddable":true,"href":"https:\/\/ppgecpan.ufms.br\/es\/wp-json\/wp\/v2\/users\/1488"}],"replies":[{"embeddable":true,"href":"https:\/\/ppgecpan.ufms.br\/es\/wp-json\/wp\/v2\/comments?post=779"}],"version-history":[{"count":1,"href":"https:\/\/ppgecpan.ufms.br\/es\/wp-json\/wp\/v2\/posts\/779\/revisions"}],"predecessor-version":[{"id":781,"href":"https:\/\/ppgecpan.ufms.br\/es\/wp-json\/wp\/v2\/posts\/779\/revisions\/781"}],"wp:attachment":[{"href":"https:\/\/ppgecpan.ufms.br\/es\/wp-json\/wp\/v2\/media?parent=779"}],"wp:term":[{"taxonomy":"category","embeddable":true,"href":"https:\/\/ppgecpan.ufms.br\/es\/wp-json\/wp\/v2\/categories?post=779"},{"taxonomy":"post_tag","embeddable":true,"href":"https:\/\/ppgecpan.ufms.br\/es\/wp-json\/wp\/v2\/tags?post=779"},{"taxonomy":"author","embeddable":true,"href":"https:\/\/ppgecpan.ufms.br\/es\/wp-json\/wp\/v2\/coauthors?post=779"}],"curies":[{"name":"wp","href":"https:\/\/api.w.org\/{rel}","templated":true}]}}