{"id":78,"date":"2012-02-03T16:19:28","date_gmt":"2012-02-03T16:19:28","guid":{"rendered":"http:\/\/ppgecpan.draconis.ufms.br\/?p=78"},"modified":"2012-02-27T14:31:43","modified_gmt":"2012-02-27T14:31:43","slug":"grade-horaria-1o-semestre-de-2011","status":"publish","type":"post","link":"https:\/\/ppgecpan.ufms.br\/es\/grade-horaria-1o-semestre-de-2011\/","title":{"rendered":"Grade Hor\u00e1ria \u2013 1\u00ba semestre de 2011"},"content":{"rendered":"<p>Grade Hor\u00e1ria \u2013 1\u00ba semestre de 2011<\/p>\n<p>&nbsp;<\/p>\n<table border=\"1\" cellspacing=\"0\" cellpadding=\"0\" align=\"center\">\n<tbody>\n<tr>\n<td align=\"center\" valign=\"top\"><\/td>\n<td align=\"center\" valign=\"top\">Quinta<\/td>\n<td align=\"center\" valign=\"top\">Sexta<\/td>\n<\/tr>\n<tr valign=\"top\">\n<td align=\"center\" valign=\"top\">Manh\u00e3<\/td>\n<td align=\"center\" valign=\"top\">Semin\u00e1rio de Pesquisa II&nbsp;<\/p>\n<p>Obs.: Turma 2010<br \/>\nProf\u00aa. M\u00f4nica Kassar<\/td>\n<td align=\"center\" valign=\"top\">Pesquisa em Educa\u00e7\u00e3o&nbsp;<\/p>\n<p>Obs.: Turma 2011<\/p>\n<p>Prof. Hajime Nozaki<\/td>\n<\/tr>\n<tr>\n<td align=\"center\" valign=\"top\">Tarde<\/td>\n<td align=\"center\" valign=\"top\">Forma\u00e7\u00e3o e pr\u00e1ticas s\u00f3cio-pedag\u00f3gicas de educadores sociais&nbsp;<\/p>\n<p>Obs.: Optativa (Aberta para todas as turmas)<br \/>\nProfessoras Edelir Garcia e Dimair Fran\u00e7a<\/td>\n<td align=\"center\" valign=\"top\">Fundamentos hist\u00f3rico-filos\u00f3ficos da Educa\u00e7\u00e3o&nbsp;<\/p>\n<p>Obs.: Turma 2011<br \/>\nProfessoras Anamaria Santana e Ana L\u00facia<\/td>\n<\/tr>\n<\/tbody>\n<\/table>\n<p>&nbsp;<\/p>\n<p>ATEN\u00c7\u00c3O:\u00a0As disciplinas \u201cPesquisa em Educa\u00e7\u00e3o\u201d e \u201cFundamentos hist\u00f3rico-filos\u00f3ficos da Educa\u00e7\u00e3o\u201d ocorrer\u00e3o quinzenalmente, pela manh\u00e3 e \u00e0 tarde.<\/p>\n<p>&nbsp;<\/p>\n","protected":false},"excerpt":{"rendered":"<p>Grade Hor\u00e1ria \u2013 1\u00ba semestre de 2011 &nbsp; Quinta Sexta Manh\u00e3 Semin\u00e1rio de Pesquisa II&nbsp; Obs.: Turma 2010 Prof\u00aa. M\u00f4nica Kassar Pesquisa em Educa\u00e7\u00e3o&nbsp; Obs.: Turma 2011 Prof. Hajime Nozaki Tarde Forma\u00e7\u00e3o e pr\u00e1ticas s\u00f3cio-pedag\u00f3gicas de educadores sociais&nbsp; Obs.: Optativa (Aberta para todas as turmas) Professoras Edelir Garcia e Dimair Fran\u00e7a Fundamentos hist\u00f3rico-filos\u00f3ficos da Educa\u00e7\u00e3o&nbsp; [&hellip;]<\/p>\n","protected":false},"author":7,"featured_media":0,"comment_status":"closed","ping_status":"closed","sticky":false,"template":"","format":"standard","meta":{"footnotes":""},"categories":[12,1],"tags":[],"coauthors":[],"class_list":["post-78","post","type-post","status-publish","format-standard","hentry","category-grade-horaria","category-noticias"],"_links":{"self":[{"href":"https:\/\/ppgecpan.ufms.br\/es\/wp-json\/wp\/v2\/posts\/78","targetHints":{"allow":["GET"]}}],"collection":[{"href":"https:\/\/ppgecpan.ufms.br\/es\/wp-json\/wp\/v2\/posts"}],"about":[{"href":"https:\/\/ppgecpan.ufms.br\/es\/wp-json\/wp\/v2\/types\/post"}],"author":[{"embeddable":true,"href":"https:\/\/ppgecpan.ufms.br\/es\/wp-json\/wp\/v2\/users\/7"}],"replies":[{"embeddable":true,"href":"https:\/\/ppgecpan.ufms.br\/es\/wp-json\/wp\/v2\/comments?post=78"}],"version-history":[{"count":3,"href":"https:\/\/ppgecpan.ufms.br\/es\/wp-json\/wp\/v2\/posts\/78\/revisions"}],"predecessor-version":[{"id":188,"href":"https:\/\/ppgecpan.ufms.br\/es\/wp-json\/wp\/v2\/posts\/78\/revisions\/188"}],"wp:attachment":[{"href":"https:\/\/ppgecpan.ufms.br\/es\/wp-json\/wp\/v2\/media?parent=78"}],"wp:term":[{"taxonomy":"category","embeddable":true,"href":"https:\/\/ppgecpan.ufms.br\/es\/wp-json\/wp\/v2\/categories?post=78"},{"taxonomy":"post_tag","embeddable":true,"href":"https:\/\/ppgecpan.ufms.br\/es\/wp-json\/wp\/v2\/tags?post=78"},{"taxonomy":"author","embeddable":true,"href":"https:\/\/ppgecpan.ufms.br\/es\/wp-json\/wp\/v2\/coauthors?post=78"}],"curies":[{"name":"wp","href":"https:\/\/api.w.org\/{rel}","templated":true}]}}