{"id":80,"date":"2012-02-03T16:20:04","date_gmt":"2012-02-03T16:20:04","guid":{"rendered":"http:\/\/ppgecpan.draconis.ufms.br\/?p=80"},"modified":"2012-02-27T14:31:43","modified_gmt":"2012-02-27T14:31:43","slug":"grade-horaria-2o-semestre-de-2011","status":"publish","type":"post","link":"https:\/\/ppgecpan.ufms.br\/es\/grade-horaria-2o-semestre-de-2011\/","title":{"rendered":"Grade Hor\u00e1ria \u2013 2\u00ba semestre de 2011"},"content":{"rendered":"<p><strong>GRADE HOR\u00c1RIA \u2013 2\u00ba semestre de 2011<\/strong><\/p>\n<p>&nbsp;<\/p>\n<table width=\"706\" border=\"1\" cellspacing=\"0\" cellpadding=\"0\">\n<tbody>\n<tr>\n<td valign=\"top\" width=\"68\"><\/td>\n<td valign=\"top\" width=\"177\"><strong>Ter\u00e7a<\/strong><\/td>\n<td valign=\"top\" width=\"165\"><strong>Quarta<\/strong><\/td>\n<td valign=\"top\" width=\"130\"><strong>Quinta<\/strong><\/td>\n<td valign=\"top\" width=\"165\"><strong>Sexta<\/strong><\/td>\n<\/tr>\n<tr>\n<td valign=\"top\" width=\"68\"><strong>Manh\u00e3<\/strong><\/td>\n<td valign=\"top\" width=\"177\"><strong>Estrat\u00e9gias culturais e escolariza\u00e7\u00e3o<\/strong>&nbsp;<\/p>\n<p>Profas. Ana L\u00facia Espindola; Edelir Salom\u00e3o Garcia; e M\u00e1rcia Regina do Nascimento Sambugari<\/p>\n<p>ACEITA alunos especiais<\/p>\n<p>(Optativa: aberta para todas as turmas)<\/td>\n<td valign=\"top\" width=\"165\"><\/td>\n<td valign=\"top\" width=\"130\"><strong>Pol\u00edticas p\u00fablicas para a inf\u00e2ncia e a adolesc\u00eancia<\/strong>&nbsp;<\/p>\n<p>Profa. Anamaria Santana da Silva<\/p>\n<p>&nbsp;<\/p>\n<p>ACEITA alunos especiais<\/p>\n<p>(Optativa: aberta para todas as turmas)<\/p>\n<p>&nbsp;<\/td>\n<td valign=\"top\" width=\"165\"><strong>Semin\u00e1rio de Pesquisa I<\/strong>&nbsp;<\/p>\n<p>Prof. Hajime Nozaki;<\/p>\n<p>&nbsp;<\/p>\n<p>ACEITA alunos especiais<\/p>\n<p>Disciplina obrigat\u00f3ria Turma 2011<\/td>\n<\/tr>\n<tr>\n<td valign=\"top\" width=\"68\"><strong>Tarde<\/strong><\/td>\n<td valign=\"top\" width=\"177\"><\/td>\n<td valign=\"top\" width=\"165\"><\/td>\n<td valign=\"top\" width=\"130\"><\/td>\n<td valign=\"top\" width=\"165\"><strong>Educa\u00e7\u00e3o e Direitos Humanos<\/strong>&nbsp;<\/p>\n<p>&nbsp;<\/p>\n<p>Prof\u00aa. Edelir Garcia;<\/p>\n<p>Prof\u00aa. Anamaria Santana da Silva<\/p>\n<p>N\u00c3O aceita alunos especiais<\/p>\n<p>Disciplina obrigat\u00f3ria Turma 2011<\/td>\n<\/tr>\n<\/tbody>\n<\/table>\n<p>&nbsp;<\/p>\n<p><strong>OBS:<\/strong><\/p>\n<p><strong>As disciplinas Educa\u00e7\u00e3o e Direitos Humanos, Semin\u00e1rio de Pesquisa I e Estrat\u00e9gias culturais e escolariza\u00e7\u00e3o ocorrer\u00e3o quinzenalmente (manh\u00e3 e tarde) &#8211;<\/strong><\/p>\n<p><strong>Matr\u00edculas de alunos regulares \u2013 Turmas 2010 e 2011: de 03 a 05 de agosto de 2011 &#8211;\u00a0<em>On line<\/em><\/strong><\/p>\n<p>&nbsp;<\/p>\n<p>&nbsp;<\/p>\n","protected":false},"excerpt":{"rendered":"<p>GRADE HOR\u00c1RIA \u2013 2\u00ba semestre de 2011 &nbsp; Ter\u00e7a Quarta Quinta Sexta Manh\u00e3 Estrat\u00e9gias culturais e escolariza\u00e7\u00e3o&nbsp; Profas. Ana L\u00facia Espindola; Edelir Salom\u00e3o Garcia; e M\u00e1rcia Regina do Nascimento Sambugari ACEITA alunos especiais (Optativa: aberta para todas as turmas) Pol\u00edticas p\u00fablicas para a inf\u00e2ncia e a adolesc\u00eancia&nbsp; Profa. Anamaria Santana da Silva &nbsp; ACEITA alunos [&hellip;]<\/p>\n","protected":false},"author":7,"featured_media":0,"comment_status":"closed","ping_status":"closed","sticky":false,"template":"","format":"standard","meta":{"footnotes":""},"categories":[12,1],"tags":[],"coauthors":[],"class_list":["post-80","post","type-post","status-publish","format-standard","hentry","category-grade-horaria","category-noticias"],"_links":{"self":[{"href":"https:\/\/ppgecpan.ufms.br\/es\/wp-json\/wp\/v2\/posts\/80","targetHints":{"allow":["GET"]}}],"collection":[{"href":"https:\/\/ppgecpan.ufms.br\/es\/wp-json\/wp\/v2\/posts"}],"about":[{"href":"https:\/\/ppgecpan.ufms.br\/es\/wp-json\/wp\/v2\/types\/post"}],"author":[{"embeddable":true,"href":"https:\/\/ppgecpan.ufms.br\/es\/wp-json\/wp\/v2\/users\/7"}],"replies":[{"embeddable":true,"href":"https:\/\/ppgecpan.ufms.br\/es\/wp-json\/wp\/v2\/comments?post=80"}],"version-history":[{"count":4,"href":"https:\/\/ppgecpan.ufms.br\/es\/wp-json\/wp\/v2\/posts\/80\/revisions"}],"predecessor-version":[{"id":187,"href":"https:\/\/ppgecpan.ufms.br\/es\/wp-json\/wp\/v2\/posts\/80\/revisions\/187"}],"wp:attachment":[{"href":"https:\/\/ppgecpan.ufms.br\/es\/wp-json\/wp\/v2\/media?parent=80"}],"wp:term":[{"taxonomy":"category","embeddable":true,"href":"https:\/\/ppgecpan.ufms.br\/es\/wp-json\/wp\/v2\/categories?post=80"},{"taxonomy":"post_tag","embeddable":true,"href":"https:\/\/ppgecpan.ufms.br\/es\/wp-json\/wp\/v2\/tags?post=80"},{"taxonomy":"author","embeddable":true,"href":"https:\/\/ppgecpan.ufms.br\/es\/wp-json\/wp\/v2\/coauthors?post=80"}],"curies":[{"name":"wp","href":"https:\/\/api.w.org\/{rel}","templated":true}]}}