{"id":800,"date":"2014-09-09T15:51:49","date_gmt":"2014-09-09T19:51:49","guid":{"rendered":"http:\/\/ppgecpan.draconis.ufms.br\/?p=800"},"modified":"2014-10-24T07:07:45","modified_gmt":"2014-10-24T11:07:45","slug":"os-labirintos-da-politica-de-educacao-inclusiva-entre-o-preconceito-e-o-direito-educacao","status":"publish","type":"post","link":"https:\/\/ppgecpan.ufms.br\/es\/os-labirintos-da-politica-de-educacao-inclusiva-entre-o-preconceito-e-o-direito-educacao\/","title":{"rendered":"FERNANDA GOMES SERAFIM &#8211; Os labirintos da pol\u00edtica de educa\u00e7\u00e3o inclusiva: entre o preconceito e o direito \u00e0 educa\u00e7\u00e3o"},"content":{"rendered":"<p>RESUMO<\/p>\n<p>Desde a d\u00e9cada de 1990 as pol\u00edticas educacionais brasileiras &#8211; por meio de acordos internacionais, leis, programas e projetos &#8211; passaram a ser norteadas pela chamada Educa\u00e7\u00e3o Inclusiva, que tem em seu princ\u00edpio magno a defesa da universaliza\u00e7\u00e3o da educa\u00e7\u00e3o, apresentando como instrumentos de a\u00e7\u00e3o o atendimento especializado de alunos com defici\u00eancia f\u00edsica, sensorial e\/ou cognitiva; a forma\u00e7\u00e3o cont\u00ednua de professores e da flexibiliza\u00e7\u00e3o curricular de acordo com cada realidade enfrentada. Todavia, diante da centralidade das a\u00e7\u00f5es Estado em orienta\u00e7\u00f5es econ\u00f4micas que fortalecem a educa\u00e7\u00e3o utilit\u00e1ria, as pol\u00edticas de educa\u00e7\u00e3o inclusiva atuam como estrat\u00e9gias de gerenciamento de riscos e conflitos sociais. De modo que a racionalidade estabelecida construa o projeto de sociedade alheio \u00e0 possibilidade de questionamento e reconhecimento das institui\u00e7\u00f5es sociais criadas pela pr\u00f3pria sociedade. Objetivamos, por meio desta pesquisa, analisar a proposi\u00e7\u00e3o da educa\u00e7\u00e3o inclusiva frente \u00e0 exist\u00eancia de rela\u00e7\u00f5es de preconceito na escola. Para o desenvolvimento deste trabalho, utilizamos como procedimentos de pesquisa a revis\u00e3o de literatura sobre as consequ\u00eancias do preconceito na educa\u00e7\u00e3o, an\u00e1lise documental e da legisla\u00e7\u00e3o brasileira e, ainda, estrat\u00e9gias combinadas de coletas de dados quantitativos e qualitativos. Inicialmente, verificamos poss\u00edveis decorr\u00eancias educacionais da rela\u00e7\u00e3o entre o perfil social dos alunos que iniciam a primeira e a segunda etapas do Ensino Fundamental regular, utilizando microdados relativos ao Ensino Fundamental regular, disponibilizados pelo Censo Escolar, com o aux\u00edlio do software IBM SPSS Statistics. Posteriormente analisamos relat\u00f3rios de est\u00e1gio dos alunos do Curso de Pedagogia da Universidade Federal de Mato Grosso do Sul \u2013 Campus Pantanal, com depoimentos e observa\u00e7\u00f5es sobre a pr\u00e1tica escolar na regi\u00e3o. O campo emp\u00edrico \u00e9 o munic\u00edpio de Corumb\u00e1 \u2013 Mato Grosso do Sul. Para an\u00e1lise do material, fundamentamos nosso referencial te\u00f3rico-metodol\u00f3gico no pensamento de Cornelius Castoriadis. Do conflito entre a sociedade heter\u00f4noma e o projeto de autonomia coletiva e individual, identificamos na rede escolar um discurso de nega\u00e7\u00e3o da diferen\u00e7a que traz impactos na continuidade de alguns sujeitos em situa\u00e7\u00e3o de vulnerabilidade social, especialmente, crian\u00e7as pobres, estrangeiras e com defici\u00eancias, em contribui\u00e7\u00e3o para a constru\u00e7\u00e3o da significa\u00e7\u00e3o social-hist\u00f3rica da desigualdade e do preconceito.<\/p>\n<p>Palavras-chave: Preconceito, Educa\u00e7\u00e3o Inclusiva, Direito \u00e0 Educa\u00e7\u00e3o.<\/p>\n<ul>\n<li><a href=\"http:\/\/ppgecpan.draconis.ufms.br\/files\/2014\/09\/SERAFIM.-OS-LABIRINTOS-DA-POL\u00cdTICA-DE-EDUCA\u00c7\u00c3O-INCLUSIVA_-ENTRE-O-PRECONCEITO-E-O-DIREITO-\u00c0-EDUCA\u00c7\u00c3O.pdf\">DOWNLOAD<\/a><\/li>\n<\/ul>\n","protected":false},"excerpt":{"rendered":"<p>RESUMO Desde a d\u00e9cada de 1990 as pol\u00edticas educacionais brasileiras &#8211; por meio de acordos internacionais, leis, programas e projetos &#8211; passaram a ser norteadas pela chamada Educa\u00e7\u00e3o Inclusiva, que tem em seu princ\u00edpio magno a defesa da universaliza\u00e7\u00e3o da educa\u00e7\u00e3o, apresentando como instrumentos de a\u00e7\u00e3o o atendimento especializado de alunos com defici\u00eancia f\u00edsica, sensorial [&hellip;]<\/p>\n","protected":false},"author":1488,"featured_media":0,"comment_status":"closed","ping_status":"open","sticky":false,"template":"","format":"standard","meta":{"footnotes":""},"categories":[31],"tags":[],"coauthors":[],"class_list":["post-800","post","type-post","status-publish","format-standard","hentry","category-31"],"_links":{"self":[{"href":"https:\/\/ppgecpan.ufms.br\/es\/wp-json\/wp\/v2\/posts\/800","targetHints":{"allow":["GET"]}}],"collection":[{"href":"https:\/\/ppgecpan.ufms.br\/es\/wp-json\/wp\/v2\/posts"}],"about":[{"href":"https:\/\/ppgecpan.ufms.br\/es\/wp-json\/wp\/v2\/types\/post"}],"author":[{"embeddable":true,"href":"https:\/\/ppgecpan.ufms.br\/es\/wp-json\/wp\/v2\/users\/1488"}],"replies":[{"embeddable":true,"href":"https:\/\/ppgecpan.ufms.br\/es\/wp-json\/wp\/v2\/comments?post=800"}],"version-history":[{"count":5,"href":"https:\/\/ppgecpan.ufms.br\/es\/wp-json\/wp\/v2\/posts\/800\/revisions"}],"predecessor-version":[{"id":841,"href":"https:\/\/ppgecpan.ufms.br\/es\/wp-json\/wp\/v2\/posts\/800\/revisions\/841"}],"wp:attachment":[{"href":"https:\/\/ppgecpan.ufms.br\/es\/wp-json\/wp\/v2\/media?parent=800"}],"wp:term":[{"taxonomy":"category","embeddable":true,"href":"https:\/\/ppgecpan.ufms.br\/es\/wp-json\/wp\/v2\/categories?post=800"},{"taxonomy":"post_tag","embeddable":true,"href":"https:\/\/ppgecpan.ufms.br\/es\/wp-json\/wp\/v2\/tags?post=800"},{"taxonomy":"author","embeddable":true,"href":"https:\/\/ppgecpan.ufms.br\/es\/wp-json\/wp\/v2\/coauthors?post=800"}],"curies":[{"name":"wp","href":"https:\/\/api.w.org\/{rel}","templated":true}]}}