{"id":824,"date":"2014-10-17T14:34:31","date_gmt":"2014-10-17T18:34:31","guid":{"rendered":"http:\/\/ppgecpan.draconis.ufms.br\/?p=824"},"modified":"2016-03-12T08:40:14","modified_gmt":"2016-03-12T12:40:14","slug":"relacao-de-alunos-mestrado-em-educacao-2014","status":"publish","type":"post","link":"https:\/\/ppgecpan.ufms.br\/es\/relacao-de-alunos-mestrado-em-educacao-2014\/","title":{"rendered":"Rela\u00e7\u00e3o de alunos do Programa de P\u00f3s-gradua\u00e7\u00e3o em Educa\u00e7\u00e3o &#8211; 2014"},"content":{"rendered":"<p>&nbsp;<\/p>\n<table width=\"592\">\n<tbody>\n<tr>\n<td><strong>#<\/strong><\/td>\n<td><strong>Acad\u00eamico(a)<\/strong><\/td>\n<td><strong>Orientador(a)<\/strong><\/td>\n<\/tr>\n<tr>\n<td><strong>1<\/strong><\/td>\n<td>Amanda Czernisz Barbosa<\/td>\n<td>Prof.\u00aa Dr.\u00aa\u00a0Regina Aparecida Marques de Souza<\/td>\n<\/tr>\n<tr>\n<td><strong>2<\/strong><\/td>\n<td>Eiza N\u00e1dela Bassoli<\/td>\n<td>Prof.\u00aa Dr.\u00aa Vanessa Catherina Neumann Figueiredo<\/td>\n<\/tr>\n<tr>\n<td><strong>3<\/strong><\/td>\n<td>Eliane Ceri Assis Santana<\/td>\n<td>Prof.\u00aa Dr.\u00aa Anamaria Santana da Silva<\/td>\n<\/tr>\n<tr>\n<td><strong>4<\/strong><\/td>\n<td>Gerson de Arruda<\/td>\n<td>Prof.\u00aa Dr.\u00aa Isabella Fernanda Ferreira<\/td>\n<\/tr>\n<tr>\n<td><strong>5<\/strong><\/td>\n<td>Gisley Monteiro de Monteiro<\/td>\n<td>Prof.\u00aa Dr.\u00aa Isabella Fernanda Ferreira<\/td>\n<\/tr>\n<tr>\n<td><strong>6<\/strong><\/td>\n<td>Guilherme Afonso M. de Barros Marins<\/td>\n<td>Prof.\u00ba Dr. Fabiano Antonio dos Santos<\/td>\n<\/tr>\n<tr>\n<td><strong>7<\/strong><\/td>\n<td>Jeane dos Santos Silva Viana<\/td>\n<td>Prof.\u00ba Dr. Fabiano Antonio dos Santos<\/td>\n<\/tr>\n<tr>\n<td><strong>8<\/strong><\/td>\n<td>Jusley Monteiro de Souza<\/td>\n<td>Prof.\u00aa Dr.\u00aa Ana L\u00facia Esp\u00edndola<\/td>\n<\/tr>\n<tr>\n<td><strong>9<\/strong><\/td>\n<td>La\u00eds Paula Freitas dos Santos<\/td>\n<td>Prof.\u00aa Dr.\u00aa Ana L\u00facia Esp\u00edndola<\/td>\n<\/tr>\n<tr>\n<td><strong>10<\/strong><\/td>\n<td>Marcelo Messias Rondon<\/td>\n<td>Prof.\u00aa Dr.\u00aa M\u00f4nica de Carvalho Magalh\u00e3es Kassar<\/td>\n<\/tr>\n<tr>\n<td><strong>11<\/strong><\/td>\n<td>Maria de F\u00e1tima Ribeiro<\/td>\n<td>Prof.\u00aa Dr.\u00aa Anamaria Santana da Silva<\/td>\n<\/tr>\n<tr>\n<td><strong>12<\/strong><\/td>\n<td>Priscila Ramos Toledo<\/td>\n<td>Prof.\u00aa Dr.\u00aa Marcia Regina do Nascimento Sambugari<\/td>\n<\/tr>\n<tr>\n<td><strong>13<\/strong><\/td>\n<td>Priscila Souza Damazio<\/td>\n<td>Prof.\u00aa Dr.\u00aa Regina Aparecida Marques de Souza<\/td>\n<\/tr>\n<tr>\n<td><strong>14<\/strong><\/td>\n<td>Renata Kerr de Souza<\/td>\n<td>Prof.\u00aa Dr.\u00aa Edelir Salom\u00e3o Garcia<\/td>\n<\/tr>\n<tr>\n<td><strong>15<\/strong><\/td>\n<td>Jonas\u00a0Ant\u00f3nio Francisco<\/td>\n<td>Prof.\u00ba Dr. Fabiano Antonio dos Santos<\/td>\n<\/tr>\n<tr>\n<td><strong>\u00a0<\/strong><\/td>\n<td><\/td>\n<\/tr>\n<\/tbody>\n<\/table>\n<p>&nbsp;<\/p>\n<table>\n<tbody>\n<tr>\n<td width=\"288\"><strong>Bolsista de P\u00f3s-Doutorado<\/strong><\/td>\n<td width=\"288\"><strong>Orientador(a)<\/strong><\/td>\n<\/tr>\n<tr>\n<td width=\"288\">Celi Correa Neres<\/td>\n<td width=\"288\">Prof.\u00aa Dr.\u00aa M\u00f4nica de Carvalho Magalh\u00e3es Kassar<\/td>\n<\/tr>\n<\/tbody>\n<\/table>\n<p>&nbsp;<\/p>\n","protected":false},"excerpt":{"rendered":"<p>&nbsp; # Acad\u00eamico(a) Orientador(a) 1 Amanda Czernisz Barbosa Prof.\u00aa Dr.\u00aa\u00a0Regina Aparecida Marques de Souza 2 Eiza N\u00e1dela Bassoli Prof.\u00aa Dr.\u00aa Vanessa Catherina Neumann Figueiredo 3 Eliane Ceri Assis Santana Prof.\u00aa Dr.\u00aa Anamaria Santana da Silva 4 Gerson de Arruda Prof.\u00aa Dr.\u00aa Isabella Fernanda Ferreira 5 Gisley Monteiro de Monteiro Prof.\u00aa Dr.\u00aa Isabella Fernanda Ferreira 6 [&hellip;]<\/p>\n","protected":false},"author":1488,"featured_media":968,"comment_status":"closed","ping_status":"open","sticky":false,"template":"","format":"standard","meta":{"footnotes":""},"categories":[7],"tags":[],"coauthors":[],"class_list":["post-824","post","type-post","status-publish","format-standard","has-post-thumbnail","hentry","category-discentes"],"_links":{"self":[{"href":"https:\/\/ppgecpan.ufms.br\/es\/wp-json\/wp\/v2\/posts\/824","targetHints":{"allow":["GET"]}}],"collection":[{"href":"https:\/\/ppgecpan.ufms.br\/es\/wp-json\/wp\/v2\/posts"}],"about":[{"href":"https:\/\/ppgecpan.ufms.br\/es\/wp-json\/wp\/v2\/types\/post"}],"author":[{"embeddable":true,"href":"https:\/\/ppgecpan.ufms.br\/es\/wp-json\/wp\/v2\/users\/1488"}],"replies":[{"embeddable":true,"href":"https:\/\/ppgecpan.ufms.br\/es\/wp-json\/wp\/v2\/comments?post=824"}],"version-history":[{"count":6,"href":"https:\/\/ppgecpan.ufms.br\/es\/wp-json\/wp\/v2\/posts\/824\/revisions"}],"predecessor-version":[{"id":1559,"href":"https:\/\/ppgecpan.ufms.br\/es\/wp-json\/wp\/v2\/posts\/824\/revisions\/1559"}],"wp:featuredmedia":[{"embeddable":true,"href":"https:\/\/ppgecpan.ufms.br\/es\/wp-json\/wp\/v2\/media\/968"}],"wp:attachment":[{"href":"https:\/\/ppgecpan.ufms.br\/es\/wp-json\/wp\/v2\/media?parent=824"}],"wp:term":[{"taxonomy":"category","embeddable":true,"href":"https:\/\/ppgecpan.ufms.br\/es\/wp-json\/wp\/v2\/categories?post=824"},{"taxonomy":"post_tag","embeddable":true,"href":"https:\/\/ppgecpan.ufms.br\/es\/wp-json\/wp\/v2\/tags?post=824"},{"taxonomy":"author","embeddable":true,"href":"https:\/\/ppgecpan.ufms.br\/es\/wp-json\/wp\/v2\/coauthors?post=824"}],"curies":[{"name":"wp","href":"https:\/\/api.w.org\/{rel}","templated":true}]}}