{"id":829,"date":"2014-07-04T15:00:27","date_gmt":"2014-07-04T19:00:27","guid":{"rendered":"http:\/\/ppgecpan.draconis.ufms.br\/?p=829"},"modified":"2014-10-17T15:03:06","modified_gmt":"2014-10-17T19:03:06","slug":"horario-das-disciplinas-2014-1","status":"publish","type":"post","link":"https:\/\/ppgecpan.ufms.br\/es\/horario-das-disciplinas-2014-1\/","title":{"rendered":"Hor\u00e1rio das disciplinas 2014.1"},"content":{"rendered":"<table width=\"576\">\n<tbody>\n<tr>\n<td width=\"302\"><strong>Pesquisa em Educa\u00e7\u00e3o<\/strong>Obrigat\u00f3riaSexta-feira (quinzenal-manh\u00e3\/tarde)<\/p>\n<p>01 vaga para alunos de outros programas<\/td>\n<td width=\"274\"><strong>M\u00f4nica de Carvalho Magalh\u00e3es Kassar<\/strong><strong>\u00a0<\/strong><\/td>\n<\/tr>\n<tr>\n<td width=\"302\"><strong>Fundamentos Hist\u00f3rico-Filos\u00f3ficos da Educa\u00e7\u00e3o<\/strong>Sexta-feira (quinzenal manh\u00e3\/tarde)Obrigat\u00f3ria<\/p>\n<p>N\u00e3o aceita alunos especiais nem de outros PPGs<\/td>\n<td width=\"274\"><strong>Anamaria Santana da Silva<\/strong><strong>Edelir Salom\u00e3o Garcia<\/strong><strong>Isabella Fernanda Ferreira<\/strong><\/p>\n<p><strong>\u00a0<\/strong><\/td>\n<\/tr>\n<tr>\n<td width=\"302\"><strong>Educa\u00e7\u00e3o , Trabalho e Hegemonia<\/strong>OptativaSemanal \u2013 (Quinta-feira)Vespertino<\/p>\n<p>Local: Unidade III (alf\u00e2ndega)<\/p>\n<p>Alunos especiais: 03 vagas<\/p>\n<p>Alunos PPGs: 02 vagas<\/td>\n<td width=\"274\"><strong>Fabiano Antonio dos Santos<\/strong><\/td>\n<\/tr>\n<tr>\n<td width=\"302\"><strong>Inf\u00e2ncia e Letramento <\/strong>Segunda-feira-VespertinoDisciplina ministrada em CAMPO GRANDE<\/p>\n<p>Alunos especiais \u2013 5 vagas<\/p>\n<p>PPGs \u2013 5 vagas<\/p>\n<p>Optativa<\/td>\n<td width=\"274\"><strong>Regina Aparecida Marques de Souza<\/strong><strong>Ana L\u00facia Esp\u00edndola<\/strong><\/td>\n<\/tr>\n<tr>\n<td width=\"302\"><strong>Educa\u00e7\u00e3o e Institui\u00e7\u00f5es Sociais<\/strong>Ter\u00e7a-feira \u2013 MatutinoOptativa<\/p>\n<p>Local: Unidade III<\/p>\n<p>N\u00e3o aceita alunos especiais<\/td>\n<td width=\"274\"><strong>Edelir Salom\u00e3o Garcia<\/strong><\/td>\n<\/tr>\n<\/tbody>\n<\/table>\n","protected":false},"excerpt":{"rendered":"<p>Pesquisa em Educa\u00e7\u00e3oObrigat\u00f3riaSexta-feira (quinzenal-manh\u00e3\/tarde) 01 vaga para alunos de outros programas M\u00f4nica de Carvalho Magalh\u00e3es Kassar\u00a0 Fundamentos Hist\u00f3rico-Filos\u00f3ficos da Educa\u00e7\u00e3oSexta-feira (quinzenal manh\u00e3\/tarde)Obrigat\u00f3ria N\u00e3o aceita alunos especiais nem de outros PPGs Anamaria Santana da SilvaEdelir Salom\u00e3o GarciaIsabella Fernanda Ferreira \u00a0 Educa\u00e7\u00e3o , Trabalho e HegemoniaOptativaSemanal \u2013 (Quinta-feira)Vespertino Local: Unidade III (alf\u00e2ndega) Alunos especiais: 03 vagas Alunos [&hellip;]<\/p>\n","protected":false},"author":1488,"featured_media":0,"comment_status":"closed","ping_status":"open","sticky":false,"template":"","format":"standard","meta":{"footnotes":""},"categories":[12],"tags":[],"coauthors":[],"class_list":["post-829","post","type-post","status-publish","format-standard","hentry","category-grade-horaria"],"_links":{"self":[{"href":"https:\/\/ppgecpan.ufms.br\/es\/wp-json\/wp\/v2\/posts\/829","targetHints":{"allow":["GET"]}}],"collection":[{"href":"https:\/\/ppgecpan.ufms.br\/es\/wp-json\/wp\/v2\/posts"}],"about":[{"href":"https:\/\/ppgecpan.ufms.br\/es\/wp-json\/wp\/v2\/types\/post"}],"author":[{"embeddable":true,"href":"https:\/\/ppgecpan.ufms.br\/es\/wp-json\/wp\/v2\/users\/1488"}],"replies":[{"embeddable":true,"href":"https:\/\/ppgecpan.ufms.br\/es\/wp-json\/wp\/v2\/comments?post=829"}],"version-history":[{"count":3,"href":"https:\/\/ppgecpan.ufms.br\/es\/wp-json\/wp\/v2\/posts\/829\/revisions"}],"predecessor-version":[{"id":832,"href":"https:\/\/ppgecpan.ufms.br\/es\/wp-json\/wp\/v2\/posts\/829\/revisions\/832"}],"wp:attachment":[{"href":"https:\/\/ppgecpan.ufms.br\/es\/wp-json\/wp\/v2\/media?parent=829"}],"wp:term":[{"taxonomy":"category","embeddable":true,"href":"https:\/\/ppgecpan.ufms.br\/es\/wp-json\/wp\/v2\/categories?post=829"},{"taxonomy":"post_tag","embeddable":true,"href":"https:\/\/ppgecpan.ufms.br\/es\/wp-json\/wp\/v2\/tags?post=829"},{"taxonomy":"author","embeddable":true,"href":"https:\/\/ppgecpan.ufms.br\/es\/wp-json\/wp\/v2\/coauthors?post=829"}],"curies":[{"name":"wp","href":"https:\/\/api.w.org\/{rel}","templated":true}]}}