{"id":862,"date":"2014-11-26T15:46:34","date_gmt":"2014-11-26T19:46:34","guid":{"rendered":"http:\/\/ppgecpan.draconis.ufms.br\/?p=862"},"modified":"2014-11-26T15:46:34","modified_gmt":"2014-11-26T19:46:34","slug":"relacao-de-candidatos-aprovados-analise-de-anteprojetos-2015-1","status":"publish","type":"post","link":"https:\/\/ppgecpan.ufms.br\/es\/relacao-de-candidatos-aprovados-analise-de-anteprojetos-2015-1\/","title":{"rendered":"Rela\u00e7\u00e3o de Candidatos Aprovados &#8211; An\u00e1lise de Anteprojetos 2015.1"},"content":{"rendered":"<table width=\"527\">\n<tbody>\n<tr>\n<td width=\"234\"><strong>Rela\u00e7\u00e3o de Candidatos Aprovados<\/strong><\/p>\n<p><strong>An\u00e1lise de Anteprojetos<\/strong><\/p>\n<p><strong>\u00a0<\/strong><\/p>\n<p><strong>Edital PROPP n\u00ba 85\/2014 &#8211; PPGE\/CPAN\/UFMS<\/strong><\/td>\n<td colspan=\"2\" width=\"293\"><\/td>\n<\/tr>\n<tr>\n<td colspan=\"2\" width=\"293\"><\/td>\n<\/tr>\n<tr>\n<td width=\"234\"><strong>\u00a0<\/strong><\/p>\n<p><strong>Candidato(a)<\/strong><\/td>\n<td colspan=\"2\" width=\"293\"><\/td>\n<\/tr>\n<tr>\n<td colspan=\"2\" width=\"357\"><\/td>\n<td width=\"170\"><\/td>\n<\/tr>\n<tr>\n<td colspan=\"3\" width=\"527\">Ana Paula Neves Rodrigues<\/td>\n<\/tr>\n<tr>\n<td colspan=\"3\" width=\"527\">Claudia Natacha Bassi Dagel<\/td>\n<\/tr>\n<tr>\n<td colspan=\"3\" width=\"527\">Clayton da Silva Barcelos<\/td>\n<\/tr>\n<tr>\n<td colspan=\"3\" width=\"527\">Crisley Monteiro de Monteiro<\/td>\n<\/tr>\n<tr>\n<td colspan=\"3\" width=\"527\">Daniel Mendes da Silva Filho<\/td>\n<\/tr>\n<tr>\n<td colspan=\"3\" width=\"527\">Franciele Ariene Lopes Santana<\/td>\n<\/tr>\n<tr>\n<td colspan=\"3\" width=\"527\">Geraldo Garbelini Neto<\/td>\n<\/tr>\n<tr>\n<td colspan=\"3\" width=\"527\">J\u00e9ssica Zanetti Brandani<\/td>\n<\/tr>\n<tr>\n<td colspan=\"3\" width=\"527\">Joelma de Souza Nogueira<\/td>\n<\/tr>\n<tr>\n<td colspan=\"3\" width=\"527\">Juliana Claudia T. G. Borges Amorin<\/td>\n<\/tr>\n<tr>\n<td colspan=\"3\" width=\"527\">Lene Cristina Salles da Cruz<\/td>\n<\/tr>\n<tr>\n<td colspan=\"3\" width=\"527\">Lielza Vict\u00f3rio Carrapateira Molina<\/td>\n<\/tr>\n<tr>\n<td colspan=\"3\" width=\"527\">Maur\u00edcio Loubet<\/td>\n<\/tr>\n<tr>\n<td colspan=\"3\" width=\"527\">Nair Terezinha G. Rosa de Oliveira<\/td>\n<\/tr>\n<tr>\n<td colspan=\"3\" width=\"527\">Sandra Balbueno de Oliveira Vargas<\/p>\n<p>&nbsp;<\/p>\n<p>*As entrevistas ocorrer\u00e3o nos dias 04, 05 e 06\/12.<\/p>\n<p>*A data e hor\u00e1rios\u00a0para a entrevista de\u00a0cada candidato ser\u00e3o divulgados at\u00e9 28\/11.<\/td>\n<\/tr>\n<\/tbody>\n<\/table>\n","protected":false},"excerpt":{"rendered":"<p>Rela\u00e7\u00e3o de Candidatos Aprovados An\u00e1lise de Anteprojetos \u00a0 Edital PROPP n\u00ba 85\/2014 &#8211; PPGE\/CPAN\/UFMS \u00a0 Candidato(a) Ana Paula Neves Rodrigues Claudia Natacha Bassi Dagel Clayton da Silva Barcelos Crisley Monteiro de Monteiro Daniel Mendes da Silva Filho Franciele Ariene Lopes Santana Geraldo Garbelini Neto J\u00e9ssica Zanetti Brandani Joelma de Souza Nogueira Juliana Claudia T. G. [&hellip;]<\/p>\n","protected":false},"author":1488,"featured_media":108,"comment_status":"closed","ping_status":"open","sticky":false,"template":"","format":"standard","meta":{"footnotes":""},"categories":[1],"tags":[],"coauthors":[],"class_list":["post-862","post","type-post","status-publish","format-standard","has-post-thumbnail","hentry","category-noticias"],"_links":{"self":[{"href":"https:\/\/ppgecpan.ufms.br\/es\/wp-json\/wp\/v2\/posts\/862","targetHints":{"allow":["GET"]}}],"collection":[{"href":"https:\/\/ppgecpan.ufms.br\/es\/wp-json\/wp\/v2\/posts"}],"about":[{"href":"https:\/\/ppgecpan.ufms.br\/es\/wp-json\/wp\/v2\/types\/post"}],"author":[{"embeddable":true,"href":"https:\/\/ppgecpan.ufms.br\/es\/wp-json\/wp\/v2\/users\/1488"}],"replies":[{"embeddable":true,"href":"https:\/\/ppgecpan.ufms.br\/es\/wp-json\/wp\/v2\/comments?post=862"}],"version-history":[{"count":1,"href":"https:\/\/ppgecpan.ufms.br\/es\/wp-json\/wp\/v2\/posts\/862\/revisions"}],"predecessor-version":[{"id":863,"href":"https:\/\/ppgecpan.ufms.br\/es\/wp-json\/wp\/v2\/posts\/862\/revisions\/863"}],"wp:featuredmedia":[{"embeddable":true,"href":"https:\/\/ppgecpan.ufms.br\/es\/wp-json\/wp\/v2\/media\/108"}],"wp:attachment":[{"href":"https:\/\/ppgecpan.ufms.br\/es\/wp-json\/wp\/v2\/media?parent=862"}],"wp:term":[{"taxonomy":"category","embeddable":true,"href":"https:\/\/ppgecpan.ufms.br\/es\/wp-json\/wp\/v2\/categories?post=862"},{"taxonomy":"post_tag","embeddable":true,"href":"https:\/\/ppgecpan.ufms.br\/es\/wp-json\/wp\/v2\/tags?post=862"},{"taxonomy":"author","embeddable":true,"href":"https:\/\/ppgecpan.ufms.br\/es\/wp-json\/wp\/v2\/coauthors?post=862"}],"curies":[{"name":"wp","href":"https:\/\/api.w.org\/{rel}","templated":true}]}}