{"id":952,"date":"2015-03-07T08:51:03","date_gmt":"2015-03-07T12:51:03","guid":{"rendered":"http:\/\/ppgecpan.draconis.ufms.br\/?p=952"},"modified":"2016-02-19T16:03:05","modified_gmt":"2016-02-19T20:03:05","slug":"relacao-de-alunos-especiais-aprovados-para-o-semestre-de-2015-1","status":"publish","type":"post","link":"https:\/\/ppgecpan.ufms.br\/es\/relacao-de-alunos-especiais-aprovados-para-o-semestre-de-2015-1\/","title":{"rendered":"Rela\u00e7\u00e3o de Alunos Especiais aprovados para o semestre de 2015.1"},"content":{"rendered":"<p>&nbsp;<\/p>\n<p><strong>Disciplina: Forma\u00e7\u00e3o e Pr\u00e1ticas S\u00f3cio-pedag\u00f3gicas de Educadores Sociais<\/strong><\/p>\n<p>Ketylen Karine Santos Cruz (aluna do PPG Estudos Fronteiri\u00e7os);<\/p>\n<p>Luciana Kelis de Oliveira Ara\u00fajo<\/p>\n<p>Marilene Rodrigues Silva<\/p>\n<p>Rita Maria da Silva Rodrigues Nicolau<\/p>\n<p>Silvia Helena Magalh\u00e3es Baracat<\/p>\n<p><strong>\u00a0<\/strong><\/p>\n<p><strong>Disciplina: Trabalho Educa\u00e7\u00e3o e Hegemonia<\/strong><\/p>\n<p>Rita C\u00e1ssia Aureliano<\/p>\n<p>Roberto C\u00e9sar de Souza<\/p>\n<p>&nbsp;<\/p>\n<p><strong>Disciplina: Avalia\u00e7\u00e3o em Pol\u00edticas P\u00fablicas e Programas<\/strong><\/p>\n<p>Aguinaldo Rodrigues<\/p>\n<p>Antonia Cl\u00e1udia Cartacho Meireles do Nascimento<\/p>\n<p>Elias Molina de Souza<\/p>\n<p>Jacqueline De Campos Rojas<\/p>\n<p>Luiz Sergio Velasques Urquiza Junior<\/p>\n<p>MishellyOcuda Henrique de Lima Tin\u00f4co<\/p>\n<p>&nbsp;<\/p>\n<p><strong>Disciplina: Letramento e Leitura em Meios Populares<\/strong><\/p>\n<p>N\u00e3o houveram inscritos.<\/p>\n<p>&nbsp;<\/p>\n<p><strong>Disciplina: Educa\u00e7\u00e3o Social<\/strong><\/p>\n<p>\u00c9velin Padilha de Andrade da Silva<\/p>\n<p>Jucilene Azevedo Fonteneles<\/p>\n<p>Rita de C\u00e1ssia Monteiro Soares<\/p>\n<p>Rosineide Gon\u00e7alves da Silva<\/p>\n<p>&nbsp;<\/p>\n<p><strong>Disciplina: A sa\u00fade do(a) professor(a): dor, adoecimento e precariza\u00e7\u00e3o do trabalho docente<\/strong><\/p>\n<p>Cledison Miguel da Cruz<\/p>\n<p>Eliane Rita Rosa da Silva<\/p>\n<p>Gon\u00e7alina Francisca de Oliveira<\/p>\n<p>Maria Betania Santos Provenzano<\/p>\n<p>&nbsp;<\/p>\n<p><strong>Disciplina: Teor\u00eda Cr\u00edtica e Educa\u00e7\u00e3o Social<\/strong><\/p>\n<p>Ana Paula Fernandes dos Santos<\/p>\n<p>Ana Silvia de Assis Sandim<\/p>\n<p>Arilson Campos Rojas<\/p>\n<p>Cristiane da Silva Siqueira<\/p>\n<p>Cristina Jose Guedes<\/p>\n<p>Hamilton dos Santos Souza<\/p>\n<p>Queli Cristina R. Ribeiro Pereira<\/p>\n<p>Rosa Alessandra Rodrigues Corr\u00eaa<\/p>\n<p>Rozil\u00e9ia de Oliveira Sales<\/p>\n<p>&nbsp;<\/p>\n","protected":false},"excerpt":{"rendered":"<p>&nbsp; Disciplina: Forma\u00e7\u00e3o e Pr\u00e1ticas S\u00f3cio-pedag\u00f3gicas de Educadores Sociais Ketylen Karine Santos Cruz (aluna do PPG Estudos Fronteiri\u00e7os); Luciana Kelis de Oliveira Ara\u00fajo Marilene Rodrigues Silva Rita Maria da Silva Rodrigues Nicolau Silvia Helena Magalh\u00e3es Baracat \u00a0 Disciplina: Trabalho Educa\u00e7\u00e3o e Hegemonia Rita C\u00e1ssia Aureliano Roberto C\u00e9sar de Souza &nbsp; Disciplina: Avalia\u00e7\u00e3o em Pol\u00edticas P\u00fablicas [&hellip;]<\/p>\n","protected":false},"author":1488,"featured_media":0,"comment_status":"closed","ping_status":"open","sticky":false,"template":"","format":"standard","meta":{"footnotes":""},"categories":[1],"tags":[],"coauthors":[],"class_list":["post-952","post","type-post","status-publish","format-standard","hentry","category-noticias"],"_links":{"self":[{"href":"https:\/\/ppgecpan.ufms.br\/es\/wp-json\/wp\/v2\/posts\/952","targetHints":{"allow":["GET"]}}],"collection":[{"href":"https:\/\/ppgecpan.ufms.br\/es\/wp-json\/wp\/v2\/posts"}],"about":[{"href":"https:\/\/ppgecpan.ufms.br\/es\/wp-json\/wp\/v2\/types\/post"}],"author":[{"embeddable":true,"href":"https:\/\/ppgecpan.ufms.br\/es\/wp-json\/wp\/v2\/users\/1488"}],"replies":[{"embeddable":true,"href":"https:\/\/ppgecpan.ufms.br\/es\/wp-json\/wp\/v2\/comments?post=952"}],"version-history":[{"count":2,"href":"https:\/\/ppgecpan.ufms.br\/es\/wp-json\/wp\/v2\/posts\/952\/revisions"}],"predecessor-version":[{"id":954,"href":"https:\/\/ppgecpan.ufms.br\/es\/wp-json\/wp\/v2\/posts\/952\/revisions\/954"}],"wp:attachment":[{"href":"https:\/\/ppgecpan.ufms.br\/es\/wp-json\/wp\/v2\/media?parent=952"}],"wp:term":[{"taxonomy":"category","embeddable":true,"href":"https:\/\/ppgecpan.ufms.br\/es\/wp-json\/wp\/v2\/categories?post=952"},{"taxonomy":"post_tag","embeddable":true,"href":"https:\/\/ppgecpan.ufms.br\/es\/wp-json\/wp\/v2\/tags?post=952"},{"taxonomy":"author","embeddable":true,"href":"https:\/\/ppgecpan.ufms.br\/es\/wp-json\/wp\/v2\/coauthors?post=952"}],"curies":[{"name":"wp","href":"https:\/\/api.w.org\/{rel}","templated":true}]}}