{"id":955,"date":"2015-04-07T18:26:13","date_gmt":"2015-04-07T22:26:13","guid":{"rendered":"http:\/\/ppgecpan.draconis.ufms.br\/?p=955"},"modified":"2016-02-19T15:59:45","modified_gmt":"2016-02-19T19:59:45","slug":"mestrado-em-educacao-abre-inscricoes-para-segundo-semestre-de-2015","status":"publish","type":"post","link":"https:\/\/ppgecpan.ufms.br\/es\/mestrado-em-educacao-abre-inscricoes-para-segundo-semestre-de-2015\/","title":{"rendered":"Abertas inscri\u00e7\u00f5es no Mestrado para 2\u00ba semestre de 2015"},"content":{"rendered":"<p>Est\u00e3o abertas\u00a0as inscri\u00e7\u00f5es para o Processo Seletivo visando \u00e0 sele\u00e7\u00e3o de candidatos para preenchimento de vagas no Programa de P\u00f3s-Gradua\u00e7\u00e3o em Educa\u00e7\u00e3o, Curso de Mestrado, do C\u00e2mpus do Pantanal, com 18 (dezoito) vagas e ingresso no segundo semestre letivo de 2015.<\/p>\n<p>As inscri\u00e7\u00f5es ficar\u00e3o abertas pelo Portal de P\u00f3s-Gradua\u00e7\u00e3o <a href=\"http:\/\/www.posgraduacao.ufms.br\" target=\"_blank\">www.posgraduacao.ufms.br<\/a>, das 0h do dia 17\/03\/2015 \u00e0s 16h do dia 17\/04\/2015. Veja todos os detalhes no <a href=\"http:\/\/ppgecpan.draconis.ufms.br\/files\/2015\/03\/Edital-CPAN-2015.2.pdf\" target=\"_blank\">Edital PPGE 2015.2<\/a>.<\/p>\n","protected":false},"excerpt":{"rendered":"<p>Est\u00e3o abertas\u00a0as inscri\u00e7\u00f5es para o Processo Seletivo visando \u00e0 sele\u00e7\u00e3o de candidatos para preenchimento de vagas no Programa de P\u00f3s-Gradua\u00e7\u00e3o em Educa\u00e7\u00e3o, Curso de Mestrado, do C\u00e2mpus do Pantanal, com 18 (dezoito) vagas e ingresso no segundo semestre letivo de 2015. As inscri\u00e7\u00f5es ficar\u00e3o abertas pelo Portal de P\u00f3s-Gradua\u00e7\u00e3o www.posgraduacao.ufms.br, das 0h do dia 17\/03\/2015 [&hellip;]<\/p>\n","protected":false},"author":1488,"featured_media":969,"comment_status":"closed","ping_status":"open","sticky":false,"template":"","format":"standard","meta":{"footnotes":""},"categories":[9,1,29],"tags":[],"coauthors":[],"class_list":["post-955","post","type-post","status-publish","format-standard","has-post-thumbnail","hentry","category-editais","category-noticias","category-novidades"],"_links":{"self":[{"href":"https:\/\/ppgecpan.ufms.br\/es\/wp-json\/wp\/v2\/posts\/955","targetHints":{"allow":["GET"]}}],"collection":[{"href":"https:\/\/ppgecpan.ufms.br\/es\/wp-json\/wp\/v2\/posts"}],"about":[{"href":"https:\/\/ppgecpan.ufms.br\/es\/wp-json\/wp\/v2\/types\/post"}],"author":[{"embeddable":true,"href":"https:\/\/ppgecpan.ufms.br\/es\/wp-json\/wp\/v2\/users\/1488"}],"replies":[{"embeddable":true,"href":"https:\/\/ppgecpan.ufms.br\/es\/wp-json\/wp\/v2\/comments?post=955"}],"version-history":[{"count":5,"href":"https:\/\/ppgecpan.ufms.br\/es\/wp-json\/wp\/v2\/posts\/955\/revisions"}],"predecessor-version":[{"id":979,"href":"https:\/\/ppgecpan.ufms.br\/es\/wp-json\/wp\/v2\/posts\/955\/revisions\/979"}],"wp:featuredmedia":[{"embeddable":true,"href":"https:\/\/ppgecpan.ufms.br\/es\/wp-json\/wp\/v2\/media\/969"}],"wp:attachment":[{"href":"https:\/\/ppgecpan.ufms.br\/es\/wp-json\/wp\/v2\/media?parent=955"}],"wp:term":[{"taxonomy":"category","embeddable":true,"href":"https:\/\/ppgecpan.ufms.br\/es\/wp-json\/wp\/v2\/categories?post=955"},{"taxonomy":"post_tag","embeddable":true,"href":"https:\/\/ppgecpan.ufms.br\/es\/wp-json\/wp\/v2\/tags?post=955"},{"taxonomy":"author","embeddable":true,"href":"https:\/\/ppgecpan.ufms.br\/es\/wp-json\/wp\/v2\/coauthors?post=955"}],"curies":[{"name":"wp","href":"https:\/\/api.w.org\/{rel}","templated":true}]}}