{"id":976,"date":"2015-03-30T17:33:21","date_gmt":"2015-03-30T21:33:21","guid":{"rendered":"http:\/\/ppgecpan.draconis.ufms.br\/?p=976"},"modified":"2015-04-01T16:54:34","modified_gmt":"2015-04-01T20:54:34","slug":"resultado-de-pedido-de-isencao-de-taxa-de-inscricao-selecao-mestrado-2015-2","status":"publish","type":"post","link":"https:\/\/ppgecpan.ufms.br\/es\/resultado-de-pedido-de-isencao-de-taxa-de-inscricao-selecao-mestrado-2015-2\/","title":{"rendered":"Resultado de pedido de isen\u00e7\u00e3o de taxa de inscri\u00e7\u00e3o &#8211; Sele\u00e7\u00e3o Mestrado 2015.2"},"content":{"rendered":"<div>\n<div>Conforme o estabelecido no Edital PROPP n\u00ba 28 de 11 de mar\u00e7o de 2015, itens 2.1.2. e 2.1.3., do processo seletivo para preenchimento de vagas no Programa de P\u00f3s-Gradua\u00e7\u00e3o em Educa\u00e7\u00e3o, Turma 2015.2, do Campus do Pantanal, da Universidade Federal de Mato Grosso do Sul, a Comiss\u00e3o de Sele\u00e7\u00e3o divulga o resultado da an\u00e1lise dos pedidos de isen\u00e7\u00e3o de taxa de inscri\u00e7\u00e3o:<\/div>\n<div><\/div>\n<div><\/div>\n<div><\/div>\n<div><strong>Candidato(a) \u00a0 \u00a0 \u00a0 \u00a0 \u00a0 \u00a0 \u00a0 \u00a0 \u00a0 \u00a0 \u00a0 \u00a0 \u00a0 \u00a0 \u00a0 \u00a0 \u00a0 \u00a0 \u00a0 \u00a0 \u00a0 \u00a0 \u00a0 \u00a0 Resultado<\/strong><\/div>\n<div>Jacqueline de Campos Rojas \u00a0 \u00a0 \u00a0 \u00a0 \u00a0 \u00a0 \u00a0 \u00a0 \u00a0 \u00a0 \u00a0 \u00a0 \u00a0Deferido<\/div>\n<div>Lidio Guilherme Rojas Junior \u00a0 \u00a0 \u00a0 \u00a0 \u00a0 \u00a0 \u00a0 \u00a0 \u00a0 \u00a0 \u00a0 Deferido<\/div>\n<div>Brunna Rodrigues Nascimento \u00a0 \u00a0 \u00a0 \u00a0 \u00a0 \u00a0 \u00a0 \u00a0 \u00a0 \u00a0 Deferido<\/div>\n<div>Fernanda Alves Souto \u00a0 \u00a0 \u00a0 \u00a0 \u00a0 \u00a0 \u00a0 \u00a0 \u00a0 \u00a0 \u00a0 \u00a0 \u00a0 \u00a0 \u00a0 \u00a0 \u00a0 \u00a0 \u00a0Deferido<\/div>\n<div>Dilson Vilalva Esquer \u00a0 \u00a0 \u00a0 \u00a0 \u00a0 \u00a0 \u00a0 \u00a0 \u00a0 \u00a0 \u00a0 \u00a0 \u00a0 \u00a0 \u00a0 \u00a0 \u00a0 \u00a0 \u00a0Indeferido<\/div>\n<\/div>\n<p>&nbsp;<\/p>\n","protected":false},"excerpt":{"rendered":"<p>Conforme o estabelecido no Edital PROPP n\u00ba 28 de 11 de mar\u00e7o de 2015, itens 2.1.2. e 2.1.3., do processo seletivo para preenchimento de vagas no Programa de P\u00f3s-Gradua\u00e7\u00e3o em Educa\u00e7\u00e3o, Turma 2015.2, do Campus do Pantanal, da Universidade Federal de Mato Grosso do Sul, a Comiss\u00e3o de Sele\u00e7\u00e3o divulga o resultado da an\u00e1lise dos [&hellip;]<\/p>\n","protected":false},"author":1488,"featured_media":968,"comment_status":"closed","ping_status":"open","sticky":false,"template":"","format":"standard","meta":{"footnotes":""},"categories":[1],"tags":[],"coauthors":[],"class_list":["post-976","post","type-post","status-publish","format-standard","has-post-thumbnail","hentry","category-noticias"],"_links":{"self":[{"href":"https:\/\/ppgecpan.ufms.br\/es\/wp-json\/wp\/v2\/posts\/976","targetHints":{"allow":["GET"]}}],"collection":[{"href":"https:\/\/ppgecpan.ufms.br\/es\/wp-json\/wp\/v2\/posts"}],"about":[{"href":"https:\/\/ppgecpan.ufms.br\/es\/wp-json\/wp\/v2\/types\/post"}],"author":[{"embeddable":true,"href":"https:\/\/ppgecpan.ufms.br\/es\/wp-json\/wp\/v2\/users\/1488"}],"replies":[{"embeddable":true,"href":"https:\/\/ppgecpan.ufms.br\/es\/wp-json\/wp\/v2\/comments?post=976"}],"version-history":[{"count":3,"href":"https:\/\/ppgecpan.ufms.br\/es\/wp-json\/wp\/v2\/posts\/976\/revisions"}],"predecessor-version":[{"id":986,"href":"https:\/\/ppgecpan.ufms.br\/es\/wp-json\/wp\/v2\/posts\/976\/revisions\/986"}],"wp:featuredmedia":[{"embeddable":true,"href":"https:\/\/ppgecpan.ufms.br\/es\/wp-json\/wp\/v2\/media\/968"}],"wp:attachment":[{"href":"https:\/\/ppgecpan.ufms.br\/es\/wp-json\/wp\/v2\/media?parent=976"}],"wp:term":[{"taxonomy":"category","embeddable":true,"href":"https:\/\/ppgecpan.ufms.br\/es\/wp-json\/wp\/v2\/categories?post=976"},{"taxonomy":"post_tag","embeddable":true,"href":"https:\/\/ppgecpan.ufms.br\/es\/wp-json\/wp\/v2\/tags?post=976"},{"taxonomy":"author","embeddable":true,"href":"https:\/\/ppgecpan.ufms.br\/es\/wp-json\/wp\/v2\/coauthors?post=976"}],"curies":[{"name":"wp","href":"https:\/\/api.w.org\/{rel}","templated":true}]}}