{"id":988,"date":"2015-04-07T18:25:48","date_gmt":"2015-04-07T22:25:48","guid":{"rendered":"http:\/\/ppgecpan.draconis.ufms.br\/?p=988"},"modified":"2016-03-12T08:39:10","modified_gmt":"2016-03-12T12:39:10","slug":"relacao-de-alunos-do-mestrado-em-educacao-2015-1","status":"publish","type":"post","link":"https:\/\/ppgecpan.ufms.br\/es\/relacao-de-alunos-do-mestrado-em-educacao-2015-1\/","title":{"rendered":"Rela\u00e7\u00e3o de alunos do Programa de P\u00f3s-gradua\u00e7\u00e3o em Educa\u00e7\u00e3o &#8211; 2015.1"},"content":{"rendered":"<table width=\"587\">\n<tbody>\n<tr>\n<td width=\"30\"><strong>#<\/strong><\/td>\n<td width=\"255\"><strong>Acad\u00eamico<\/strong><\/td>\n<td width=\"302\"><strong>Orientador (a)<\/strong><\/td>\n<\/tr>\n<tr>\n<td width=\"30\"><strong>1<\/strong><\/td>\n<td width=\"255\">Ana Paula Neves Rodrigues<\/td>\n<td width=\"302\">Prof\u00aa Dr\u00aa Nesdete Mesquita Corr\u00eaa<\/td>\n<\/tr>\n<tr>\n<td width=\"30\"><strong>2<\/strong><\/td>\n<td width=\"255\">Claudia Natacha Bassi Dagel<\/td>\n<td width=\"302\">Prof\u00aa Dr\u00aa Jolise Saad Leite<\/td>\n<\/tr>\n<tr>\n<td width=\"30\"><strong>3<\/strong><\/td>\n<td width=\"255\">Clayton da Silva Barcelos<\/td>\n<td width=\"302\">Prof\u00b0 Dr\u00b0 Tiago Duque<\/td>\n<\/tr>\n<tr>\n<td width=\"30\"><strong>4<\/strong><\/td>\n<td width=\"255\">Crisley Monteiro de Monteiro<\/td>\n<td width=\"302\">Prof\u00aa Dr\u00aa Isabella Fernanda Ferreira<\/td>\n<\/tr>\n<tr>\n<td width=\"30\"><strong>5<\/strong><\/td>\n<td width=\"255\">Daniel Mendes da Silva Filho<\/td>\n<td width=\"302\">Prof\u00aa Dr\u00aa M\u00f4nica de Carvalho Magalh\u00e3es Kassar<\/td>\n<\/tr>\n<tr>\n<td width=\"30\"><strong>6<\/strong><\/td>\n<td width=\"255\">Franciele Ariene Lopes Santana<\/td>\n<td width=\"302\">Prof\u00ba Dr\u00ba Il\u00eddio Roda Neves<\/td>\n<\/tr>\n<tr>\n<td width=\"30\"><strong>7<\/strong><\/td>\n<td width=\"255\">Geraldo Garbelini Neto<\/td>\n<td width=\"302\">Prof\u00aa Dr\u00aa Anamaria Santana da Silva<\/td>\n<\/tr>\n<tr>\n<td width=\"30\"><strong>8<\/strong><\/td>\n<td width=\"255\">J\u00e9ssica Zanetti Brandani<\/td>\n<td width=\"302\">Prof\u00aa Dr\u00aa Carmem Ad\u00e9lia Saad Costa<\/td>\n<\/tr>\n<tr>\n<td width=\"30\"><strong>9<\/strong><\/td>\n<td width=\"255\">Joelma de Souza Nogueira<\/td>\n<td width=\"302\">Prof\u00aa Dr\u00aa M\u00e1rcia Regina do Nascimento Sambugari<\/td>\n<\/tr>\n<tr>\n<td width=\"30\"><strong>10<\/strong><\/td>\n<td width=\"255\">Juliana Cl\u00e1udia Teixeira Gomes Borges Amorim<\/td>\n<td width=\"302\">Prof\u00aa Dr\u00aa M\u00e1rcia Regina do Nascimento Sambugari<\/td>\n<\/tr>\n<tr>\n<td width=\"30\"><strong>11<\/strong><\/td>\n<td width=\"255\">Lene Cristina Salles da Cruz<\/td>\n<td width=\"302\">Prof\u00aa Dr\u00aa Regina Aparecida Marques de Souza<\/td>\n<\/tr>\n<tr>\n<td width=\"30\"><strong>12<\/strong><\/td>\n<td width=\"255\">Lielza Vict\u00f3rio Carrapateira Molina<\/td>\n<td width=\"302\">Prof\u00aa Dr\u00aa Cl\u00e1udia Ara\u00fajo de Lima<\/td>\n<\/tr>\n<tr>\n<td width=\"30\"><strong>13<\/strong><\/td>\n<td width=\"255\">Maur\u00edcio Loubet<\/td>\n<td width=\"302\">Prof\u00aa Dr\u00aa Cl\u00e1udia Ara\u00fajo de Lima<\/td>\n<\/tr>\n<tr>\n<td width=\"30\"><strong>14<\/strong><\/td>\n<td width=\"255\">Nair Terezinha Gonzaga Rosa de Oliveira<\/td>\n<td width=\"302\">Prof\u00aa Dr\u00aa Regina Aparecida Marques de Souza<\/td>\n<\/tr>\n<tr>\n<td width=\"30\"><strong>15<\/strong><\/p>\n<p><strong>16<\/strong><\/td>\n<td width=\"255\">Sandra Balbueno de Oliveira Vargas<\/p>\n<p>Yaneth Dur\u00e1n Bar\u00f3n<\/td>\n<td width=\"302\">Prof\u00aa Dr\u00aa Ana L\u00facia Esp\u00edndola<\/p>\n<p>Prof\u00aa Dr\u00aa Cl\u00e1udia Ara\u00fajo de Lima<\/td>\n<\/tr>\n<\/tbody>\n<\/table>\n<p>&nbsp;<\/p>\n<table>\n<tbody>\n<tr>\n<td width=\"288\"><strong>Bolsista de P\u00f3s-Doutorado<\/strong><\/td>\n<td width=\"288\"><strong>Orientador(a)<\/strong><\/td>\n<\/tr>\n<tr>\n<td width=\"288\">Made J\u00fanior Miranda<\/td>\n<td width=\"288\">Prof.\u00aa Dr.\u00aa M\u00f4nica de Carvalho Magalh\u00e3es Kassar<\/td>\n<\/tr>\n<\/tbody>\n<\/table>\n","protected":false},"excerpt":{"rendered":"<p># Acad\u00eamico Orientador (a) 1 Ana Paula Neves Rodrigues Prof\u00aa Dr\u00aa Nesdete Mesquita Corr\u00eaa 2 Claudia Natacha Bassi Dagel Prof\u00aa Dr\u00aa Jolise Saad Leite 3 Clayton da Silva Barcelos Prof\u00b0 Dr\u00b0 Tiago Duque 4 Crisley Monteiro de Monteiro Prof\u00aa Dr\u00aa Isabella Fernanda Ferreira 5 Daniel Mendes da Silva Filho Prof\u00aa Dr\u00aa M\u00f4nica de Carvalho Magalh\u00e3es [&hellip;]<\/p>\n","protected":false},"author":1488,"featured_media":0,"comment_status":"closed","ping_status":"open","sticky":false,"template":"","format":"standard","meta":{"footnotes":""},"categories":[7,1],"tags":[],"coauthors":[],"class_list":["post-988","post","type-post","status-publish","format-standard","hentry","category-discentes","category-noticias"],"_links":{"self":[{"href":"https:\/\/ppgecpan.ufms.br\/es\/wp-json\/wp\/v2\/posts\/988","targetHints":{"allow":["GET"]}}],"collection":[{"href":"https:\/\/ppgecpan.ufms.br\/es\/wp-json\/wp\/v2\/posts"}],"about":[{"href":"https:\/\/ppgecpan.ufms.br\/es\/wp-json\/wp\/v2\/types\/post"}],"author":[{"embeddable":true,"href":"https:\/\/ppgecpan.ufms.br\/es\/wp-json\/wp\/v2\/users\/1488"}],"replies":[{"embeddable":true,"href":"https:\/\/ppgecpan.ufms.br\/es\/wp-json\/wp\/v2\/comments?post=988"}],"version-history":[{"count":6,"href":"https:\/\/ppgecpan.ufms.br\/es\/wp-json\/wp\/v2\/posts\/988\/revisions"}],"predecessor-version":[{"id":1561,"href":"https:\/\/ppgecpan.ufms.br\/es\/wp-json\/wp\/v2\/posts\/988\/revisions\/1561"}],"wp:attachment":[{"href":"https:\/\/ppgecpan.ufms.br\/es\/wp-json\/wp\/v2\/media?parent=988"}],"wp:term":[{"taxonomy":"category","embeddable":true,"href":"https:\/\/ppgecpan.ufms.br\/es\/wp-json\/wp\/v2\/categories?post=988"},{"taxonomy":"post_tag","embeddable":true,"href":"https:\/\/ppgecpan.ufms.br\/es\/wp-json\/wp\/v2\/tags?post=988"},{"taxonomy":"author","embeddable":true,"href":"https:\/\/ppgecpan.ufms.br\/es\/wp-json\/wp\/v2\/coauthors?post=988"}],"curies":[{"name":"wp","href":"https:\/\/api.w.org\/{rel}","templated":true}]}}